{"id":830,"date":"2014-12-06T20:22:00","date_gmt":"2014-12-06T20:22:00","guid":{"rendered":"http:\/\/adpegroupeschuman.fr\/page\/2014\/12\/fete-de-l-hiver-2015\/"},"modified":"2015-09-18T10:24:36","modified_gmt":"2015-09-18T10:24:36","slug":"fete-de-l-hiver-2015","status":"publish","type":"post","link":"https:\/\/adpegroupeschuman.fr\/page\/2014\/12\/fete-de-l-hiver-2015\/","title":{"rendered":"F\u00eate de l&rsquo;hiver 2014"},"content":{"rendered":"<p>&nbsp;<\/p>\n<p><span style=\"font-size: small;\">Le Vendredi 5 d\u00e9cembre dernier, l&rsquo;ADPE Schuman a propos\u00e9 une nouvelle version de l&rsquo;annuel gouter offert aux enfants : la premi\u00e8re f\u00eate de l&rsquo;hiver !<\/span><\/p>\n<p><span style=\"font-size: small;\">g\u00e2teaux, friandises et boissons chaudes ou froides \u00e9taient au rendez vous.<\/span><\/p>\n<p><a href=\"http:\/\/adpegroupeschuman.fr\/page\/wp-content\/uploads\/2014\/12\/FeteHiver2015S11.jpg\"><img loading=\"lazy\" decoding=\"async\" class=\" wp-image-1053 aligncenter\" src=\"http:\/\/adpegroupeschuman.fr\/page\/wp-content\/uploads\/2014\/12\/FeteHiver2015S11.jpg\" alt=\"FeteHiver2015S1\" width=\"508\" height=\"385\" srcset=\"https:\/\/adpegroupeschuman.fr\/page\/wp-content\/uploads\/2014\/12\/FeteHiver2015S11.jpg 625w, https:\/\/adpegroupeschuman.fr\/page\/wp-content\/uploads\/2014\/12\/FeteHiver2015S11-300x228.jpg 300w, https:\/\/adpegroupeschuman.fr\/page\/wp-content\/uploads\/2014\/12\/FeteHiver2015S11-100x76.jpg 100w, https:\/\/adpegroupeschuman.fr\/page\/wp-content\/uploads\/2014\/12\/FeteHiver2015S11-150x114.jpg 150w, https:\/\/adpegroupeschuman.fr\/page\/wp-content\/uploads\/2014\/12\/FeteHiver2015S11-200x152.jpg 200w, https:\/\/adpegroupeschuman.fr\/page\/wp-content\/uploads\/2014\/12\/FeteHiver2015S11-450x341.jpg 450w, https:\/\/adpegroupeschuman.fr\/page\/wp-content\/uploads\/2014\/12\/FeteHiver2015S11-600x455.jpg 600w\" sizes=\"(max-width: 508px) 100vw, 508px\" \/><\/a><\/p>\n<p><span style=\"font-size: small;\">Les enfants ont pu \u00eatre pris en photo, avec ou sans accessoire, avec ou sans maquillage,\u00a0devant un superbe d\u00e9cor peint r\u00e9alis\u00e9 par les adh\u00e9rents.<\/span><\/p>\n<p><span style=\"font-size: small;\">L&rsquo;ours banquise a notamment \u00e9t\u00e9 appr\u00e9ci\u00e9 des petits et des grands !<\/span><\/p>\n<p><a href=\"http:\/\/adpegroupeschuman.fr\/page\/wp-content\/uploads\/2014\/12\/FeteHiver2015S21.jpg\"><img loading=\"lazy\" decoding=\"async\" class=\" wp-image-1054 aligncenter\" src=\"http:\/\/adpegroupeschuman.fr\/page\/wp-content\/uploads\/2014\/12\/FeteHiver2015S21.jpg\" alt=\"FeteHiver2015S2\" width=\"331\" height=\"486\" srcset=\"https:\/\/adpegroupeschuman.fr\/page\/wp-content\/uploads\/2014\/12\/FeteHiver2015S21.jpg 409w, https:\/\/adpegroupeschuman.fr\/page\/wp-content\/uploads\/2014\/12\/FeteHiver2015S21-204x300.jpg 204w, https:\/\/adpegroupeschuman.fr\/page\/wp-content\/uploads\/2014\/12\/FeteHiver2015S21-100x147.jpg 100w, https:\/\/adpegroupeschuman.fr\/page\/wp-content\/uploads\/2014\/12\/FeteHiver2015S21-150x220.jpg 150w, https:\/\/adpegroupeschuman.fr\/page\/wp-content\/uploads\/2014\/12\/FeteHiver2015S21-200x294.jpg 200w, https:\/\/adpegroupeschuman.fr\/page\/wp-content\/uploads\/2014\/12\/FeteHiver2015S21-300x441.jpg 300w\" sizes=\"(max-width: 331px) 100vw, 331px\" \/><\/a><\/p>\n<p>&nbsp;<\/p>\n<p><span style=\"font-size: small;\">Merci \u00e0 tous pour votre participation, et rendez vous l&rsquo;ann\u00e9e prochaine !<\/span><\/p>\n<p>&nbsp;<\/p>\n<p><a href=\"http:\/\/adpegroupeschuman.fr\/page\/wp-content\/uploads\/2014\/12\/FeteHiver2015S31.jpg\"><img loading=\"lazy\" decoding=\"async\" class=\" wp-image-1055 size-full aligncenter\" src=\"http:\/\/adpegroupeschuman.fr\/page\/wp-content\/uploads\/2014\/12\/FeteHiver2015S31.jpg\" alt=\"FeteHiver2015S3\" width=\"620\" height=\"510\" srcset=\"https:\/\/adpegroupeschuman.fr\/page\/wp-content\/uploads\/2014\/12\/FeteHiver2015S31.jpg 620w, https:\/\/adpegroupeschuman.fr\/page\/wp-content\/uploads\/2014\/12\/FeteHiver2015S31-300x247.jpg 300w, https:\/\/adpegroupeschuman.fr\/page\/wp-content\/uploads\/2014\/12\/FeteHiver2015S31-100x82.jpg 100w, https:\/\/adpegroupeschuman.fr\/page\/wp-content\/uploads\/2014\/12\/FeteHiver2015S31-150x123.jpg 150w, https:\/\/adpegroupeschuman.fr\/page\/wp-content\/uploads\/2014\/12\/FeteHiver2015S31-200x165.jpg 200w, https:\/\/adpegroupeschuman.fr\/page\/wp-content\/uploads\/2014\/12\/FeteHiver2015S31-450x370.jpg 450w, https:\/\/adpegroupeschuman.fr\/page\/wp-content\/uploads\/2014\/12\/FeteHiver2015S31-600x494.jpg 600w\" sizes=\"(max-width: 620px) 100vw, 620px\" \/><\/a><\/p>\n","protected":false},"excerpt":{"rendered":"<p>&nbsp; Le Vendredi 5 d\u00e9cembre dernier, l&rsquo;ADPE Schuman a propos\u00e9 une nouvelle version de l&rsquo;annuel gouter offert aux enfants : la premi\u00e8re f\u00eate de l&rsquo;hiver ! g\u00e2teaux, friandises et boissons chaudes ou froides \u00e9taient au rendez vous. Les enfants ont &hellip;<\/p>\n<p class=\"read-more\"> <a class=\"more-link\" href=\"https:\/\/adpegroupeschuman.fr\/page\/2014\/12\/fete-de-l-hiver-2015\/\"> <span class=\"screen-reader-text\">F\u00eate de l&rsquo;hiver 2014<\/span> Read More &raquo;<\/a><\/p>\n","protected":false},"author":1,"featured_media":0,"comment_status":"closed","ping_status":"open","sticky":false,"template":"","format":"standard","meta":{"footnotes":""},"categories":[29],"tags":[],"_links":{"self":[{"href":"https:\/\/adpegroupeschuman.fr\/page\/wp-json\/wp\/v2\/posts\/830"}],"collection":[{"href":"https:\/\/adpegroupeschuman.fr\/page\/wp-json\/wp\/v2\/posts"}],"about":[{"href":"https:\/\/adpegroupeschuman.fr\/page\/wp-json\/wp\/v2\/types\/post"}],"author":[{"embeddable":true,"href":"https:\/\/adpegroupeschuman.fr\/page\/wp-json\/wp\/v2\/users\/1"}],"replies":[{"embeddable":true,"href":"https:\/\/adpegroupeschuman.fr\/page\/wp-json\/wp\/v2\/comments?post=830"}],"version-history":[{"count":3,"href":"https:\/\/adpegroupeschuman.fr\/page\/wp-json\/wp\/v2\/posts\/830\/revisions"}],"predecessor-version":[{"id":1291,"href":"https:\/\/adpegroupeschuman.fr\/page\/wp-json\/wp\/v2\/posts\/830\/revisions\/1291"}],"wp:attachment":[{"href":"https:\/\/adpegroupeschuman.fr\/page\/wp-json\/wp\/v2\/media?parent=830"}],"wp:term":[{"taxonomy":"category","embeddable":true,"href":"https:\/\/adpegroupeschuman.fr\/page\/wp-json\/wp\/v2\/categories?post=830"},{"taxonomy":"post_tag","embeddable":true,"href":"https:\/\/adpegroupeschuman.fr\/page\/wp-json\/wp\/v2\/tags?post=830"}],"curies":[{"name":"wp","href":"https:\/\/api.w.org\/{rel}","templated":true}]}}