{"id":635,"date":"2012-04-15T13:02:02","date_gmt":"2012-04-15T13:02:02","guid":{"rendered":"http:\/\/adpegroupeschuman.fr\/page\/2012\/04\/sortie-classe-de-mer-ce1-2012\/"},"modified":"2012-04-15T13:02:02","modified_gmt":"2012-04-15T13:02:02","slug":"sortie-classe-de-mer-ce1-2012","status":"publish","type":"post","link":"https:\/\/adpegroupeschuman.fr\/page\/2012\/04\/sortie-classe-de-mer-ce1-2012\/","title":{"rendered":"Sortie Classe de Mer CE1 2012"},"content":{"rendered":"<p>Sortie en Classe de Mer Stella avec Mme Barbier et Mr Desbonnet<\/p>\n<p style=\"text-align: center;\"><img loading=\"lazy\" decoding=\"async\" class=\" size-full wp-image-619\" src=\"http:\/\/adpegroupeschuman.fr\/page\/wp-content\/uploads\/2012\/04\/CurrieFerry_ard_smer2012.jpg\" border=\"0\" width=\"198\" height=\"140\" \/><\/p>\n<p style=\"text-align: center;\"><a href=\"http:\/\/www.stella-plage.fr\/fr\/index.php\" target=\"_blank\"><img loading=\"lazy\" decoding=\"async\" class=\" size-full wp-image-620\" src=\"http:\/\/adpegroupeschuman.fr\/page\/wp-content\/uploads\/2012\/04\/CurrieFerry_panneau_stella_plage.jpg\" border=\"0\" width=\"89\" height=\"89\" \/><\/a><strong><span style=\"color: #ff6600;\">Rendez-vous\u00a0 \u00e0 8h30 ce lundi 1<\/span><\/strong><strong><span style=\"color: #ff6600;\">6 avril pour le d\u00e9part des CE1\u00a0 \u00e0 Stella (9h) !!!<\/span><\/strong><a href=\"http:\/\/www.stella-plage.fr\/fr\/index.php\" target=\"_blank\"><span style=\"font-size: medium;\"><strong><span style=\"font-family: Arial;\"><span style=\"text-decoration: underline;\"><img loading=\"lazy\" decoding=\"async\" class=\" size-full wp-image-621\" src=\"http:\/\/adpegroupeschuman.fr\/page\/wp-content\/uploads\/2012\/04\/CurrieFerry_Sortie2012_logo_stella_plage.jpg\" border=\"0\" width=\"0\" height=\"0\" \/><\/span><\/span><\/strong><\/span><\/a><\/p>\n<p style=\"text-align: center;\">\u00a0<\/p>\n<p style=\"text-align: center;\"><strong><span style=\"color: #008080;\">Vous trouverez ci-dessous les informations sur le s\u00e9jour de vos enfants.<\/span><\/strong><\/p>\n<p style=\"text-align: center;\">\u00a0<\/p>\n<h1><span style=\"color: #3366ff;\"><span style=\"font-size: medium;\"><strong><span style=\"font-family: Arial;\"><span style=\"text-decoration: underline;\">Lundi 16 avril<\/span><\/span><\/strong><\/span><\/span><\/h1>\n<p><span style=\"font-size: medium;\"><strong><span style=\"font-family: Arial;\"><span style=\"text-decoration: underline;\"><img loading=\"lazy\" decoding=\"async\" class=\" size-full wp-image-622\" src=\"http:\/\/adpegroupeschuman.fr\/page\/wp-content\/uploads\/2012\/04\/CurrieFerry_Sortie2012_l160412.jpg\" border=\"0\" width=\"0\" height=\"0\" \/><\/span><\/span><\/strong><\/span><\/p>\n<p><span style=\"font-size: medium;\"><span style=\"font-family: Arial;\"><span style=\"font-size: xx-small;\">Source*:<\/span><\/span><\/span><span style=\"font-size: xx-small;\"><a href=\"http:\/\/france.meteofrance.com\/france\/mer?MER_PORTLET.path=merprevisionville\/6226151\">M\u00e9t\u00e9o France<\/a><br \/><\/span><\/p>\n<p>\u00a0<\/p>\n<p><span style=\"font-size: small;\"><span style=\"font-family: comic sans ms,sans-serif;\">Les enfants sont arriv\u00e9s comme pr\u00e9vu \u00e0 11h00 au cap Gris Nez pour leur visite. Ils ont ensuite d\u00e9jeun\u00e9 \u00e0 12h00.<br \/>Cet apr\u00e8s midi la visite de la baie de Canche s&rsquo;est bien d\u00e9roul\u00e9e. Pas de pluie pour cette premi\u00e8re journ\u00e9e. <\/span><\/span><\/p>\n<p><span style=\"font-size: small;\"><span style=\"font-family: comic sans ms,sans-serif;\">A 17h00 ils \u00e9taient en route pour le centre un peu fatigu\u00e9s par leur journ\u00e9e et le grand bol d&rsquo;air frais!<\/span><\/span><\/p>\n<p><span style=\"font-size: small;\"><span style=\"font-family: comic sans ms,sans-serif;\">\u00a0<\/span><\/span><\/p>\n<p style=\"text-align: center;\"><span style=\"text-decoration: underline;\"><span style=\"font-size: small;\"><span style=\"font-family: comic sans ms,sans-serif;\">Voici l&rsquo;adresse du centre pour \u00e9crire \u00e0 vos enfants :<\/span><\/span><\/span><\/p>\n<p style=\"text-align: center;\"><span style=\"font-size: small;\"><span style=\"font-family: comic sans ms,sans-serif;\">STELLA MARIS<\/span><\/span><\/p>\n<p style=\"text-align: center;\"><span style=\"font-size: small;\"><span style=\"font-family: comic sans ms,sans-serif;\">376 rue Baillarquet<\/span><\/span><\/p>\n<p style=\"text-align: center;\"><span style=\"font-size: small;\"><span style=\"font-family: comic sans ms,sans-serif;\">62780 STELLA PLAGE<\/span><\/span><\/p>\n<p style=\"text-align: center;\"><img loading=\"lazy\" decoding=\"async\" class=\" size-full wp-image-623\" src=\"http:\/\/adpegroupeschuman.fr\/page\/wp-content\/uploads\/2012\/04\/CurrieFerry_Sortie2012_cmer2012ph1m.jpg\" border=\"0\" width=\"0\" height=\"0\" \/><\/p>\n<h1><span style=\"color: #3366ff;\"><span style=\"font-size: medium;\"><strong><span style=\"font-family: Arial;\"><span style=\"text-decoration: underline;\">Mardi 17 avril<\/span><\/span><\/strong><\/span><\/span><\/h1>\n<p>\u00a0<\/p>\n<p><img loading=\"lazy\" decoding=\"async\" class=\" size-full wp-image-624\" src=\"http:\/\/adpegroupeschuman.fr\/page\/wp-content\/uploads\/2012\/04\/CurrieFerry_Sortie2012_m170412.jpg\" border=\"0\" width=\"225\" height=\"155\" style=\"border: 0pt none;\" \/><span style=\"font-size: medium;\"><span style=\"font-family: Arial;\"><span style=\"font-size: xx-small;\">Source*:<\/span><\/span><\/span><span style=\"font-size: xx-small;\"><a href=\"http:\/\/france.meteofrance.com\/france\/mer?MER_PORTLET.path=merprevisionville\/6226151\">M\u00e9t\u00e9o France<\/a><\/span><\/p>\n<p>\u00a0<\/p>\n<p><span style=\"text-decoration: underline;\"><span style=\"font-size: small;\"><span style=\"font-family: comic sans ms,sans-serif;\"><strong>Rappel du programme pour la journ\u00e9e de Mardi :<\/strong><\/span><\/span><\/span><\/p>\n<p><span style=\"font-size: small;\"><span style=\"font-family: comic sans ms,sans-serif;\"><strong>10h00 : <\/strong>Ascension du phare de Calais<\/span><\/span><\/p>\n<p><span style=\"font-family: comic sans ms,sans-serif;\"><span style=\"font-size: small;\"><strong>14h30 : <\/strong>Visite du mus\u00e9e de la Marine<\/span><\/span><\/p>\n<p>\u00a0<\/p>\n<p><span style=\"font-family: comic sans ms,sans-serif;\"><span style=\"font-size: small;\">Ce matin \u00e0 9h00, nous avons re\u00e7u des nouvelles de Madame Barbier. La nuit s&rsquo;est bien pass\u00e9e pour les enfants. Tous \u00e9taient en route pour la visite du phare de Calais.<\/span><\/span><\/p>\n<p><span style=\"font-family: comic sans ms,sans-serif;\"><span style=\"font-size: small;\">Hier soir, la connexion internet du centre ne fonctionnait pas, donc vos messages n&rsquo;ont pas pu \u00eatre lus par les enfants.<\/span><\/span><\/p>\n<p><span style=\"font-family: comic sans ms,sans-serif;\"><span style=\"font-size: small;\">Ils esp\u00e8rent pouvoir se connecter ce soir.<\/span><\/span><\/p>\n<p>\u00a0<\/p>\n<p><span style=\"text-decoration: underline;\"><span style=\"font-size: small;\"><span style=\"font-family: comic sans ms,sans-serif;\"><strong>Le message du jour de Mme Barbier et Mr Desbonnet :<\/strong><\/span><\/span><\/span><\/p>\n<div style=\"text-align: justify;\"><em><span style=\"font-size: small;\"><span style=\"font-family: comic sans ms,sans-serif;\">Bonjour,<\/span><\/span><\/em><\/div>\n<div style=\"text-align: justify;\"><em><span style=\"font-size: small;\"><span style=\"font-family: comic sans ms,sans-serif;\">Nous sommes arriv\u00e9s lundi en fin d&rsquo;apr\u00e8s midi apr\u00e8s une belle journ\u00e9e ensoleill\u00e9e. Nous avons visit\u00e9 le cap Gris Nez le matin. Il faisait tr\u00e8s clair et nous avons vu les c\u00f4tes anglaises. Le midi, nous avons pique-niqu\u00e9 \u00e0 Boulogne pr\u00e8s de <a href=\"http:\/\/www.nausicaa.fr\/\" target=\"_blank\">Nausicaa<\/a>. L&rsquo;apr\u00e8s-midi, nous avons visit\u00e9 la r\u00e9serve naturelle de <a href=\"http:\/\/fr.wikipedia.org\/wiki\/R%C3%A9serve_naturelle_de_la_Baie_de_Canche\" target=\"_blank\">la baie de la Canche<\/a> avec un guide. Le soir, la veill\u00e9e \u00ab\u00a0doudous\u00a0\u00bb a \u00e9t\u00e9 super.<\/span><\/span><\/em><\/div>\n<div style=\"text-align: justify;\"><em><span style=\"font-size: small;\"><span style=\"font-family: comic sans ms,sans-serif;\">Aujourd&rsquo;hui mardi, nous sommes all\u00e9s visiter le <a href=\"http:\/\/www.pharedecalais.com\/index\/c\/3\/l\/fr\/Histoire_et_description_du_phare.html\" target=\"_blank\">phare de Calais<\/a>. Malheureusement, il faisait trop de vent et nous n&rsquo;avons pu sortir sur la terrasse, d&rsquo;autant qu&rsquo;il pleuvait. Cet apr\u00e8s-midi, nous sommes all\u00e9s au mus\u00e9e de la marine et nous avons \u00e9crit une carte postale. Ce soir, on fera une veill\u00e9e \u00ab\u00a0Casino\u00a0\u00bb.<\/span><\/span><\/em><\/div>\n<div style=\"text-align: justify;\"><em><span style=\"font-size: small;\"><span style=\"font-family: comic sans ms,sans-serif;\">Tout le monde va bien et est tr\u00e8s content de son s\u00e9jour.<\/span><\/span><\/em><\/div>\n<div style=\"text-align: justify;\">\u00a0<\/div>\n<p>\u00a0<\/p>\n<h1><span style=\"color: #3366ff;\"><span style=\"font-size: medium;\"><strong><span style=\"font-family: Arial;\"><span style=\"text-decoration: underline;\">Mercredi 18 avril<\/span><\/span><\/strong><\/span><\/span><\/h1>\n<p>\u00a0<\/p>\n<p><span style=\"text-decoration: underline;\"><span style=\"font-size: small;\"><span style=\"font-family: comic sans ms,sans-serif;\"><strong>Rappel du programme pour la journ\u00e9e de mercredi <\/strong><\/span><\/span><\/span><\/p>\n<div style=\"text-align: justify;\"><span style=\"font-size: small;\"><span style=\"font-family: comic sans ms,sans-serif;\"><strong>10h00 : <\/strong><\/span><\/span><span style=\"font-size: small;\"><span style=\"font-family: comic sans ms,sans-serif;\">Visite guid\u00e9e du <a href=\"http:\/\/www.etaples-tourisme.com\/www\/fr\/accueil\/a_voir\/les_ports\/port_de_plaisance.aspx\" target=\"_blank\">port d&rsquo;Etaples<\/a> pour le groupe 1<\/span><\/span><\/div>\n<div style=\"text-align: justify;\"><span style=\"font-size: small;\"><span style=\"font-family: comic sans ms,sans-serif;\"><strong>10h00 : <\/strong>Visite de <a href=\"http:\/\/www.mareis.fr\/\" target=\"_blank\">Mar\u00e9is<\/a> pour le groupe 2<\/span><\/span><\/div>\n<p><span style=\"font-size: small;\"><span style=\"font-family: comic sans ms,sans-serif;\"><strong>14h30 : <\/strong>D\u00e9couverte du <a href=\"http:\/\/www.conservatoire-du-littoral.fr\/front\/process\/Content1c7d.html\" target=\"_blank\">Mont Saint Frieux<\/a><\/span><\/span><\/p>\n<p><span style=\"font-size: medium;\"><span style=\"font-family: times new roman,times;\">Message re\u00e7u \u00e0 12h00 :<br \/><\/span><\/span><\/p>\n<p><em><span style=\"font-size: medium;\"><span style=\"font-family: times new roman,times;\">Le groupe 1 a visit\u00e9\u00a0 ce matin le port d&rsquo; Etaples pendant que le groupe 2 visitait le mus\u00e9e Mar\u00e9is ou l&rsquo;argent a \u00e9t\u00e9 d\u00e9pens\u00e9!! Hier soir nous avons f\u00eat\u00e9 l&rsquo;anniversaire de Maxime. A ce soir.<\/span><\/span><\/em><\/p>\n<p>\u00a0<\/p>\n<p style=\"text-align: center;\"><strong>Les membres du bureau souhaitent un bon anniversaire \u00e0 Maxime !!!<\/strong><\/p>\n<p style=\"text-align: center;\"><img loading=\"lazy\" decoding=\"async\" class=\" size-full wp-image-625\" src=\"http:\/\/adpegroupeschuman.fr\/page\/wp-content\/uploads\/2012\/04\/CurrieFerry_Sortie2012_cmer2012ph3.jpg\" border=\"0\" width=\"0\" height=\"0\" \/><\/p>\n<p><span style=\"text-decoration: underline;\"><span style=\"font-size: small;\"><span style=\"font-family: comic sans ms,sans-serif;\"><strong>Le message du jour de Mme Barbier et Mr Desbonnet : <\/strong><\/span><\/span><\/span><\/p>\n<div style=\"text-align: justify;\"><em><span style=\"font-size: medium;\"><span style=\"font-family: times new roman,times;\">Voici le programme de la journ\u00e9e :<\/span><\/span><\/em><\/div>\n<div style=\"text-align: justify;\"><em><span style=\"font-size: medium;\"><span style=\"font-family: times new roman,times;\">Matin : un groupe a visit\u00e9 le mus\u00e9e Mar\u00e9is d&rsquo;Etaples. L&rsquo;autre\u00a0a visit\u00e9 le port d&rsquo;Etaples. Le vent \u00e9tait fort et froid mais tout le monde est en bonne sant\u00e9 !<\/span><\/span><\/em><\/div>\n<div style=\"text-align: justify;\"><em><span style=\"font-size: medium;\"><span style=\"font-family: times new roman,times;\">Apr\u00e8s-midi :\u00a0randonn\u00e9e au mont St Frieux, r\u00e9serve naturelle cr\u00e9\u00e9e dans les dunes du littoral, qui a commenc\u00e9 sous le soleil et s&rsquo;est termin\u00e9e sous une bonne averse.<\/span><\/span><\/em><\/div>\n<div style=\"text-align: justify;\"><em><span style=\"font-size: medium;\"><span style=\"font-family: times new roman,times;\">Ce soir, veill\u00e9e\u00a0\u00bbfureur\u00a0\u00bb tr\u00e8s attendue par les enfants.<\/span><\/span><\/em><\/div>\n<div style=\"text-align: justify;\"><em><span style=\"font-size: medium;\"><span style=\"font-family: times new roman,times;\">Tout le monde va bien !<\/span><\/span><\/em><\/div>\n<div style=\"text-align: justify;\"><em><span style=\"font-size: medium;\"><span style=\"font-family: times new roman,times;\">A demain<\/span><\/span><\/em><\/div>\n<div style=\"text-align: center;\"><span style=\"font-size: medium;\"><span style=\"font-family: times new roman,times;\"><img loading=\"lazy\" decoding=\"async\" class=\" size-full wp-image-626\" src=\"http:\/\/adpegroupeschuman.fr\/page\/wp-content\/uploads\/2012\/04\/CurrieFerry_Sortie2012_cmer2012ph4m.jpg\" border=\"0\" width=\"0\" height=\"0\" \/><\/span><\/span><\/div>\n<div style=\"text-align: center;\"><span style=\"font-size: medium;\"><span style=\"font-family: times new roman,times;\"><img loading=\"lazy\" decoding=\"async\" class=\" size-full wp-image-627\" src=\"http:\/\/adpegroupeschuman.fr\/page\/wp-content\/uploads\/2012\/04\/CurrieFerry_Sortie2012_cmer2012ph5m.jpg\" border=\"0\" width=\"0\" height=\"0\" \/><br \/><\/span><\/span><\/div>\n<p>\u00a0<\/p>\n<p>\u00a0<\/p>\n<h1><span style=\"color: #3366ff;\"><span style=\"font-size: medium;\"><strong><span style=\"font-family: Arial;\"><span style=\"text-decoration: underline;\">Jeudi 19 avril<\/span><\/span><\/strong><\/span><\/span><\/h1>\n<p><span style=\"color: #3366ff;\"><span style=\"font-size: medium;\"><strong><span style=\"font-family: Arial;\"><span style=\"text-decoration: underline;\"><img loading=\"lazy\" decoding=\"async\" class=\" size-full wp-image-628\" src=\"http:\/\/adpegroupeschuman.fr\/page\/wp-content\/uploads\/2012\/04\/CurrieFerry_Sortie2012_m180412.jpg\" border=\"0\" width=\"0\" height=\"0\" \/> <\/span><\/span><\/strong><\/span><\/span><span style=\"font-size: medium;\"><span style=\"font-family: Arial;\"><span style=\"font-size: xx-small;\">Source*:<\/span><\/span><\/span><span style=\"font-size: xx-small;\"><a href=\"http:\/\/france.meteofrance.com\/france\/mer?MER_PORTLET.path=merprevisionville\/6226151\">M\u00e9t\u00e9o France<\/a><\/span><\/p>\n<div style=\"text-align: justify;\">\n<p>\u00a0<\/p>\n<\/p><\/div>\n<div style=\"text-align: justify;\"><span style=\"text-decoration: underline;\"><span style=\"font-size: small;\"><span style=\"font-family: comic sans ms,sans-serif;\"><strong>Rappel du programme pour la journ\u00e9e de jeudi<\/strong><\/span><\/span><\/span><\/div>\n<div style=\"text-align: justify;\"><span style=\"text-decoration: underline;\"><span style=\"font-size: small;\"><span style=\"font-family: comic sans ms,sans-serif;\"><strong>\u00a0<\/strong><\/span><\/span><\/span><\/div>\n<div style=\"text-align: justify;\"><span style=\"font-size: small;\"><span style=\"font-family: comic sans ms,sans-serif;\"><strong>10h00 : <\/strong><\/span><\/span><span style=\"font-size: small;\"><span style=\"font-family: comic sans ms,sans-serif;\">Visite guid\u00e9e du port d&rsquo;Etaples pour le groupe 2<br \/><\/span><\/span><\/div>\n<div style=\"text-align: justify;\"><span style=\"font-size: small;\"><span style=\"font-family: comic sans ms,sans-serif;\"><strong>10h00 : <\/strong>Visite de Mar\u00e9is pour le groupe 1<\/span><\/span><\/div>\n<div style=\"text-align: justify;\"><span style=\"font-size: small;\"><span style=\"font-family: comic sans ms,sans-serif;\"><strong>14h30 : <\/strong>Jeux de plage<\/span><\/span><\/div>\n<p><strong><br \/><\/strong><\/p>\n<p><strong>Message re\u00e7u ce matin \u00e0 10h00<\/strong><\/p>\n<p style=\"text-align: justify;\"><em><span style=\"font-size: medium;\"><span style=\"font-family: times new roman,times;\">Nous sommes en route pour les visites de la matin\u00e9e sous une pluie fine. Les enfants ont re\u00e7u leur courrier.<\/span><\/span><\/em><\/p>\n<p style=\"text-align: justify;\">\u00a0<\/p>\n<p style=\"text-align: center;\"><img loading=\"lazy\" decoding=\"async\" class=\" size-full wp-image-629\" src=\"http:\/\/adpegroupeschuman.fr\/page\/wp-content\/uploads\/2012\/04\/CurrieFerry_Sortie2012_cmer2012ph6.jpg\" border=\"0\" width=\"0\" height=\"0\" \/><\/p>\n<p style=\"text-align: justify;\"><span style=\"text-decoration: underline;\"><span style=\"font-size: small;\"><span style=\"font-family: comic sans ms,sans-serif;\"><strong>Le message du jour de Mme Barbier et Mr Desbonnet : <\/strong><\/span><\/span><\/span><\/p>\n<div style=\"text-align: justify;\"><em><span style=\"font-size: medium;\"><span style=\"font-family: times new roman,times;\">Voici donc les activit\u00e9s de la journ\u00e9e.<\/span><\/span><\/em><\/div>\n<div style=\"text-align: justify;\"><em><span style=\"font-size: medium;\"><span style=\"font-family: times new roman,times;\">Tout d&rsquo;abord, nous avons re\u00e7u le courrier des parents. La distribution a eu lieu dans le bus qui nous emmenait \u00e0 Etaples pour la visite du port (groupe 2) et du mus\u00e9e Mar\u00e9is (groupe 1).<\/span><\/span><\/em><\/div>\n<div style=\"text-align: justify;\"><em><span style=\"font-size: medium;\"><span style=\"font-family: times new roman,times;\">Faible soleil ce matin mais sale temps l&rsquo;apr\u00e8s midi pour la sortie plage que nous avons d\u00fb \u00e9courter.<\/span><\/span><\/em><\/div>\n<div style=\"text-align: justify;\"><em><span style=\"font-size: medium;\"><span style=\"font-family: times new roman,times;\">A l&rsquo;heure o\u00f9 nous vous \u00e9crivons, les enfants go\u00fbtent puis feront des jeux avec leurs animateurs avant le repas.<\/span><\/span><\/em><\/div>\n<div style=\"text-align: justify;\"><em><span style=\"font-size: medium;\"><span style=\"font-family: times new roman,times;\">Ce soir :\u00a0 la boum!!!!! \u00e7a promet&#8230;.<\/span><\/span><\/em><\/div>\n<div style=\"text-align: justify;\"><em><span style=\"font-size: medium;\"><span style=\"font-family: times new roman,times;\">Les enfants sont impatients de vous montrer leurs achats.<\/span><\/span><\/em><\/div>\n<div style=\"text-align: justify;\"><em><span style=\"font-size: medium;\"><span style=\"font-family: times new roman,times;\">A demain<\/span><\/span><\/em><\/div>\n<div style=\"text-align: center;\"><em><span style=\"font-size: medium;\"><span style=\"font-family: times new roman,times;\"><img loading=\"lazy\" decoding=\"async\" class=\" size-full wp-image-630\" src=\"http:\/\/adpegroupeschuman.fr\/page\/wp-content\/uploads\/2012\/04\/CurrieFerry_Sortie2012_cmer2012ph7.jpg\" border=\"0\" width=\"0\" height=\"0\" \/><\/span><\/span><\/em><\/div>\n<div style=\"text-align: center;\"><em><span style=\"font-size: medium;\"><span style=\"font-family: times new roman,times;\">\u00a0<\/span><\/span><\/em><\/div>\n<div style=\"text-align: center;\"><strong>Les membres du bureau souhaitent un bon anniversaire \u00e0 Mathilde aussi <img loading=\"lazy\" decoding=\"async\" class=\" size-full wp-image-631\" src=\"http:\/\/adpegroupeschuman.fr\/page\/wp-content\/uploads\/2012\/04\/plugins_editors_tinymce_jscripts_tiny_mce_plugins_emotions_img_smiley-wink.gif\" border=\"0\" alt=\"Wink\" title=\"Wink\" width=\"0\" height=\"0\" \/> !!!<br \/><\/strong><\/div>\n<div style=\"text-align: center;\"><em><span style=\"font-size: medium;\"><span style=\"font-family: times new roman,times;\"><img loading=\"lazy\" decoding=\"async\" class=\" size-full wp-image-632\" src=\"http:\/\/adpegroupeschuman.fr\/page\/wp-content\/uploads\/2012\/04\/CurrieFerry_Sortie2012_cmer2012ph8.jpg\" border=\"0\" width=\"0\" height=\"0\" \/><br \/><\/span><\/span><\/em><\/div>\n<h1><span style=\"color: #3366ff;\"><span style=\"font-size: medium;\"><strong><span style=\"font-family: Arial;\"><span style=\"text-decoration: underline;\">Vendredi 20 avril<\/span><\/span><\/strong><\/span><\/span><\/h1>\n<p><span style=\"color: #3366ff;\"><span style=\"font-size: medium;\"><strong><span style=\"font-family: Arial;\"><span style=\"text-decoration: underline;\">\u00a0<\/span><\/span><\/strong><\/span><\/span><\/p>\n<p><span style=\"color: #3366ff;\"><span style=\"font-size: medium;\"><strong><span style=\"font-family: Arial;\"><span style=\"text-decoration: underline;\"><img loading=\"lazy\" decoding=\"async\" class=\" size-full wp-image-633\" src=\"http:\/\/adpegroupeschuman.fr\/page\/wp-content\/uploads\/2012\/04\/CurrieFerry_Sortie2012_v200412.jpg\" border=\"0\" width=\"0\" height=\"0\" \/><\/span><\/span><\/strong><\/span><\/span><\/p>\n<p><span style=\"color: #3366ff;\"><span style=\"font-size: medium;\"><strong><span style=\"font-family: Arial;\"><span style=\"text-decoration: underline;\">\u00a0<\/span><\/span><\/strong><\/span><\/span><\/p>\n<p><span style=\"font-size: small;\"><span style=\"color: #3366ff;\"><span style=\"color: #000000;\"><span style=\"font-family: comic sans ms,sans-serif;\">Au programme, le matin pr\u00e9paration des valises, le midi d\u00e9jeuner au centre et d\u00e9part pr\u00e9vu vers 14h30. Nous vous tiendrons au courant de l&rsquo;heure d&rsquo;arriv\u00e9e des enfants par affichage et sur le site.<\/span><\/span><\/span><\/span><\/p>\n<p><span style=\"font-size: small;\"><span style=\"color: #3366ff;\"><span style=\"color: #000000;\"><span style=\"font-family: comic sans ms,sans-serif;\"><span style=\"color: #ff0000;\"><strong><span style=\"text-decoration: underline;\">Attention:<\/span> L&rsquo;arriv\u00e9e du bus se fera du cot\u00e9 de la rue G\u00e9n\u00e9ral Leclerc (l&rsquo;\u00e9cole Maternelle)<\/strong><\/span><\/span><\/span><\/span><\/span><\/p>\n<p>\u00a0<\/p>\n<p><span style=\"font-size: small;\"><span style=\"color: #3366ff;\"><span style=\"color: #000000;\"><span style=\"font-family: comic sans ms,sans-serif;\"><span style=\"color: #ff0000;\"><span style=\"color: #000000;\">Message du matin : <\/span><\/span><\/span><\/span><\/span><\/span><\/p>\n<p><span style=\"font-size: small;\"><span style=\"color: #3366ff;\"><span style=\"color: #000000;\"><span style=\"font-family: comic sans ms,sans-serif;\"><span style=\"color: #ff0000;\"><span style=\"color: #000000;\">Ce matin au programme une s\u00e9ance de luge dans les dunes avant le d\u00e9jeuner.<\/span><br \/><\/span><\/span><\/span><\/span><\/span><\/p>\n<p>\u00a0<\/p>\n<p><span style=\"font-size: small;\"><span style=\"color: #3366ff;\"><span style=\"color: #000000;\"><span style=\"font-family: comic sans ms,sans-serif;\">Message de vendredi de Mme Barbier et Mr Desbonnet :<\/span><\/span><\/span><\/span><\/p>\n<div><em>Avec regret voici mon dernier message concernant notre s\u00e9jour.<\/em><\/div>\n<div><em>Tout s\u00a0\u00bbest d\u00e9roul\u00e9\u00a0parfaitement, nous avions des animateurs efficaces et avons fait des activit\u00e9s enrichissantes.<\/em><\/div>\n<div><em>Vous\u00a0le constaterez en voyant les mines r\u00e9jouies de vos enfants sur le film et les photos.<\/em><\/div>\n<div><em>Ceux ci\u00a0se sont, pour une tr\u00e8s grande majorit\u00e9, tr\u00e8s bien comport\u00e9s et ont \u00e9t\u00e9 f\u00e9licit\u00e9s pour leur politesse par leurs animateurs.<\/em><\/div>\n<div><em>J&rsquo;ai r\u00e9cup\u00e9r\u00e9 qq paires de chaussures et bottes oubli\u00e9es dans les chambres et qui seront restitu\u00e9es \u00e0 la rentr\u00e9e ainsi qu&rsquo;un petit sac \u00e0 dos rose et un imperm\u00e9able bleu clair.<\/em><\/div>\n<div><em>M Desbonnet et moi garderons un souvenir \u00e9mu de nos 5 jours pass\u00e9s avec nos \u00e9l\u00e8ves.<\/em><\/div>\n<div><em>Bonnes vacances \u00e0 tous et \u00e0 tr\u00e8s bient\u00f4t<\/em><\/div>\n<p>\u00a0<\/p>\n<p><span style=\"color: #ff0000;\"><span style=\"font-size: small;\"><span style=\"font-family: comic sans ms,sans-serif;\"><strong><span style=\"text-decoration: underline;\">Message De Mr Desbonnet:<\/span><\/strong><br \/><\/span><\/span><\/span><\/p>\n<p><span style=\"color: #ff0000;\">Cette classe de mer fut particuli\u00e8rement agr\u00e9able \u00e0 vivre en raison du comportement exemplaire de la grande majorit\u00e9 des enfants et de l&rsquo;int\u00e9r\u00eat qu&rsquo;ils ont port\u00e9 aux diff\u00e9rentes activit\u00e9s propos\u00e9es.Cela nous encourage \u00e0 continuer de monter ce genre de projet. Merci \u00e0 eux et bonnes vacances.<\/span><\/p>\n<p><span style=\"font-size: small;\"><span style=\"color: #3366ff;\"><span style=\"color: #000000;\"><span style=\"font-family: comic sans ms,sans-serif;\">\u00a0<\/span><\/span><\/span><\/span><\/p>\n<hr \/>\n<p>\u00a0<\/p>\n<p><span style=\"font-family: comic sans ms,sans-serif;\"><span style=\"font-size: small;\"><img loading=\"lazy\" decoding=\"async\" class=\" size-full wp-image-634\" src=\"http:\/\/adpegroupeschuman.fr\/page\/wp-content\/uploads\/2012\/04\/Asso_info.jpg\" border=\"0\" width=\"56\" height=\"61\" \/>Nous vous rappelons que pour les journ\u00e9es \u00e0 venir Mme Barbier et Mr Desbonnet nous enverrons leurs commentaires sur la journ\u00e9e uniquement le soir !! <\/span><\/span><\/p>\n<p><span style=\"font-family: comic sans ms,sans-serif;\"><span style=\"font-size: small;\">Nous ne manquerons pas de vous\u00a0 transmettre les informations d\u00e8s qu&rsquo;elles nous seront donn\u00e9es.<\/span><\/span><\/p>\n<p><span style=\"font-family: comic sans ms,sans-serif;\"><span style=\"font-size: small;\">\u00a0<\/span><\/span><\/p>\n<p>\u00a0<\/p>\n<p>\u00a0<\/p>\n<p>\u00a0<\/p>\n<hr \/>\n","protected":false},"excerpt":{"rendered":"<p>Sortie en Classe de Mer Stella avec Mme Barbier et Mr Desbonnet Rendez-vous\u00a0 \u00e0 8h30 ce lundi 16 avril pour le d\u00e9part des CE1\u00a0 \u00e0 Stella (9h) !!! \u00a0 Vous trouverez ci-dessous les informations sur le s\u00e9jour de vos enfants. &hellip;<\/p>\n<p class=\"read-more\"> <a class=\"more-link\" href=\"https:\/\/adpegroupeschuman.fr\/page\/2012\/04\/sortie-classe-de-mer-ce1-2012\/\"> <span class=\"screen-reader-text\">Sortie Classe de Mer CE1 2012<\/span> Read More &raquo;<\/a><\/p>\n","protected":false},"author":1,"featured_media":0,"comment_status":"closed","ping_status":"open","sticky":false,"template":"","format":"standard","meta":{"footnotes":""},"categories":[13],"tags":[],"_links":{"self":[{"href":"https:\/\/adpegroupeschuman.fr\/page\/wp-json\/wp\/v2\/posts\/635"}],"collection":[{"href":"https:\/\/adpegroupeschuman.fr\/page\/wp-json\/wp\/v2\/posts"}],"about":[{"href":"https:\/\/adpegroupeschuman.fr\/page\/wp-json\/wp\/v2\/types\/post"}],"author":[{"embeddable":true,"href":"https:\/\/adpegroupeschuman.fr\/page\/wp-json\/wp\/v2\/users\/1"}],"replies":[{"embeddable":true,"href":"https:\/\/adpegroupeschuman.fr\/page\/wp-json\/wp\/v2\/comments?post=635"}],"version-history":[{"count":0,"href":"https:\/\/adpegroupeschuman.fr\/page\/wp-json\/wp\/v2\/posts\/635\/revisions"}],"wp:attachment":[{"href":"https:\/\/adpegroupeschuman.fr\/page\/wp-json\/wp\/v2\/media?parent=635"}],"wp:term":[{"taxonomy":"category","embeddable":true,"href":"https:\/\/adpegroupeschuman.fr\/page\/wp-json\/wp\/v2\/categories?post=635"},{"taxonomy":"post_tag","embeddable":true,"href":"https:\/\/adpegroupeschuman.fr\/page\/wp-json\/wp\/v2\/tags?post=635"}],"curies":[{"name":"wp","href":"https:\/\/api.w.org\/{rel}","templated":true}]}}