{"id":618,"date":"2012-04-13T11:13:33","date_gmt":"2012-04-13T11:13:33","guid":{"rendered":"http:\/\/adpegroupeschuman.fr\/page\/2012\/04\/rased29\/"},"modified":"2012-04-13T11:13:33","modified_gmt":"2012-04-13T11:13:33","slug":"rased29","status":"publish","type":"post","link":"https:\/\/adpegroupeschuman.fr\/page\/2012\/04\/rased29\/","title":{"rendered":"Projection Rased"},"content":{"rendered":"<p><strong><em>Parce que pour certains enfants, l\u2019\u00e9cole ne va pas de soi&#8230;<\/em><\/strong><\/p>\n<p><strong><em> <\/em><\/strong><\/p>\n<p>\u2026nous vous invitons \u00e0 la projection du film<\/p>\n<p style=\"text-align: center;\"><span style=\"color: #ff9900;\"><strong><em>\u201cUN PARMI LES AUTRES\u201d<\/em><\/strong><\/span><\/p>\n<p style=\"text-align: center;\"><span style=\"color: #ff9900;\"><strong><em> <\/em><\/strong><\/span><\/p>\n<p style=\"text-align: center;\"><span style=\"color: #ff9900;\"><strong>Le jeudi 19 avril \u00e0 19 h 30<\/strong><\/span><\/p>\n<p style=\"text-align: center;\"><span style=\"color: #ff9900;\"><strong>Salle Wauquier<\/strong> &#8211; 65 rue du G\u00e9n\u00e9ral Leclerc<\/span><\/p>\n<p style=\"text-align: center;\"><span style=\"color: #ff9900;\"><strong>SAINT-ANDRE<\/strong><\/span><\/p>\n<p><strong> <\/strong><\/p>\n<p>Ce film pr\u00e9sente le travail des RASED (R\u00e9seau d\u2019Aides Sp\u00e9cialis\u00e9es aux El\u00e8ves en Difficult\u00e9s) et plus particuli\u00e8rement celui des r\u00e9\u00e9ducateurs scolaires.<\/p>\n<p>La projection sera suivie d\u2019un d\u00e9bat sur la difficult\u00e9 scolaire.<\/p>\n<p>\u00a0<\/p>\n<p style=\"text-align: center;\"><img loading=\"lazy\" decoding=\"async\" class=\" size-full wp-image-617\" src=\"http:\/\/adpegroupeschuman.fr\/page\/wp-content\/uploads\/2012\/04\/CurrieFerry_rased2.jpg\" border=\"0\" width=\"362\" height=\"196\" \/><\/p>\n<p style=\"text-align: center;\"><span style=\"font-size: medium;\"><strong><span style=\"color: #ff9900;\">Entr\u00e9e gratuite<\/span><\/strong><\/span><\/p>\n<p>\u00a0<\/p>\n<p><strong>R\u00e9alis\u00e9 par Pierre de NICOLA, produit pas la FNAREN &#8211; documentaire France 2011 &#8211; 1h18mn<\/strong><\/p>\n<p>Au sein de l\u2019Education Nationale, des enseignants se sont sp\u00e9cialis\u00e9s pour aider les enfants qui rencontrent des difficult\u00e9s. Ce sont les psychologues scolaires, les ma\u00eetres d\u2019adaptation (ma\u00eetres E) et les r\u00e9\u00e9ducateurs (ma\u00eetres G). Film\u00e9 pour la premi\u00e8re fois en 2010\/2011, le travail men\u00e9 par les r\u00e9\u00e9ducateurs des RASED, fait d\u00e9couvrir un aspect surprenant et \u00e9clairant de cette r\u00e9ponse \u00e0 la difficult\u00e9 des enfants \u00e0 l\u2019\u00e9cole. Leur approche tr\u00e8s particuli\u00e8re emprunte des voies d\u00e9tourn\u00e9es pour permettre \u00e0 ces enfants de trouver et retrouver le chemin des apprentissages.<\/p>\n<p>Le film suit trois r\u00e9\u00e9ducateurs dans leur travail en Tarn et Garonne : Jean-Michel, Julie, qui d\u00e9couvre ce m\u00e9tier et Christiane, qui va l\u2019accompagner dans sa formation.<\/p>\n<p align=\"center\">Pour certains enfants, l\u2019\u00e9cole ne va pas de soi. Ce film leur est d\u00e9di\u00e9.<\/p>\n<p>\u00a0<\/p>\n<p>La <strong>FNAREN <\/strong>(F\u00e9d\u00e9ration Nationale des Associations des R\u00e9\u00e9ducateurs de l&rsquo;\u00c9ducation Nationale) regroupe pr\u00e8s de 1800 r\u00e9\u00e9ducateurs dans les 90 associations d\u00e9partementales (AREN) qui la composent. Elle oeuvre pour maintenir et promouvoir la place de l&rsquo;intervention originale et pertinente que constitue la r\u00e9\u00e9ducation \u00e0 l&rsquo;\u00e9cole.<\/p>\n<p>Cette association a pour objectifs : la recherche, la formation, l&rsquo;innovation et l&rsquo;information relatives aux pratiques et techniques professionnelles des r\u00e9\u00e9ducateurs.<\/p>\n<p>\u00a0<\/p>\n<p align=\"center\"><strong>La projection sera suivie d&rsquo;un d\u00e9bat sur le th\u00e8me :<\/strong><\/p>\n<p align=\"center\"><strong>Quel avenir, \u00e0 l&rsquo;\u00e9cole, pour les \u00e9l\u00e8ves en difficult\u00e9 ?<\/strong><\/p>\n<p align=\"center\"><strong> <\/strong><\/p>\n<p align=\"center\"><strong>Organis\u00e9 par l\u2019Association des R\u00e9\u00e9ducateurs de l\u2019Education Nationale du Nord (AREN 59)<\/strong><\/p>\n<p>Plus de pr\u00e9cisions sur l&rsquo;affiche ci-jointe ainsi que sur le lien suivant : <a href=\"http:\/\/www.fnaren.com\/lafnarenenimages4.html\">http:\/\/www.fnaren.com\/lafnarenenimages4.html<\/a><\/p>\n","protected":false},"excerpt":{"rendered":"<p>Parce que pour certains enfants, l\u2019\u00e9cole ne va pas de soi&#8230; \u2026nous vous invitons \u00e0 la projection du film \u201cUN PARMI LES AUTRES\u201d Le jeudi 19 avril \u00e0 19 h 30 Salle Wauquier &#8211; 65 rue du G\u00e9n\u00e9ral Leclerc SAINT-ANDRE &hellip;<\/p>\n<p class=\"read-more\"> <a class=\"more-link\" href=\"https:\/\/adpegroupeschuman.fr\/page\/2012\/04\/rased29\/\"> <span class=\"screen-reader-text\">Projection Rased<\/span> Read More &raquo;<\/a><\/p>\n","protected":false},"author":1,"featured_media":0,"comment_status":"closed","ping_status":"open","sticky":false,"template":"","format":"standard","meta":{"footnotes":""},"categories":[20],"tags":[],"_links":{"self":[{"href":"https:\/\/adpegroupeschuman.fr\/page\/wp-json\/wp\/v2\/posts\/618"}],"collection":[{"href":"https:\/\/adpegroupeschuman.fr\/page\/wp-json\/wp\/v2\/posts"}],"about":[{"href":"https:\/\/adpegroupeschuman.fr\/page\/wp-json\/wp\/v2\/types\/post"}],"author":[{"embeddable":true,"href":"https:\/\/adpegroupeschuman.fr\/page\/wp-json\/wp\/v2\/users\/1"}],"replies":[{"embeddable":true,"href":"https:\/\/adpegroupeschuman.fr\/page\/wp-json\/wp\/v2\/comments?post=618"}],"version-history":[{"count":0,"href":"https:\/\/adpegroupeschuman.fr\/page\/wp-json\/wp\/v2\/posts\/618\/revisions"}],"wp:attachment":[{"href":"https:\/\/adpegroupeschuman.fr\/page\/wp-json\/wp\/v2\/media?parent=618"}],"wp:term":[{"taxonomy":"category","embeddable":true,"href":"https:\/\/adpegroupeschuman.fr\/page\/wp-json\/wp\/v2\/categories?post=618"},{"taxonomy":"post_tag","embeddable":true,"href":"https:\/\/adpegroupeschuman.fr\/page\/wp-json\/wp\/v2\/tags?post=618"}],"curies":[{"name":"wp","href":"https:\/\/api.w.org\/{rel}","templated":true}]}}