{"id":613,"date":"2012-03-18T16:30:51","date_gmt":"2012-03-18T16:30:51","guid":{"rendered":"http:\/\/adpegroupeschuman.fr\/page\/2012\/03\/porteouverte2012\/"},"modified":"2012-03-18T16:30:51","modified_gmt":"2012-03-18T16:30:51","slug":"porteouverte2012","status":"publish","type":"post","link":"https:\/\/adpegroupeschuman.fr\/page\/2012\/03\/porteouverte2012\/","title":{"rendered":"PorteOuverte2012"},"content":{"rendered":"<p style=\"text-align: left;\">\u00a0<\/p>\n<p style=\"text-align: center;\"><img loading=\"lazy\" decoding=\"async\" class=\" size-full wp-image-612\" src=\"http:\/\/adpegroupeschuman.fr\/page\/wp-content\/uploads\/2012\/03\/journeeporteouverte.jpg\" border=\"0\" width=\"199\" height=\"142\" \/><\/p>\n<p style=\"text-align: left;\"><span style=\"color: #ff6600;\"><strong>Qui est concern\u00e9 ?<\/strong><\/span><\/p>\n<p style=\"text-align: left;\">Votre enfant va entrer au CP \u00e0 la rentr\u00e9e de septembre 2012?<\/p>\n<p style=\"text-align: left;\">Vous devez choisir une \u00e9cole pour votre enfants?<\/p>\n<p style=\"text-align: left;\">\u00a0<\/p>\n<p style=\"text-align: left;\"><span style=\"color: #ff6600;\"><strong>Si c&rsquo;est le cas ?<\/strong><\/span><\/p>\n<p style=\"text-align: left;\">Une journ\u00e9e porte ouverte aura lieu le <strong>samedi 24 mars \u00e0 10h00<\/strong> (accueil dans le hall de l&rsquo;\u00e9cole , b\u00e2timent Jules Ferry) afin de vous pr\u00e9senter notre \u00e9cole \u00e9l\u00e9mentaire:<\/p>\n<ul>\n<li>Son \u00e9quipe<\/li>\n<li>Ses projets<\/li>\n<li>Son fonctionnement<\/li>\n<li>Ses locaux<\/li>\n<\/ul>\n<p style=\"text-align: left;\">\u00a0<\/p>\n<p style=\"text-align: left;\">Une journ\u00e9e \u00ab\u00a0d\u00e9couverte\u00a0\u00bb sera par ailleurs organis\u00e9e au sein du cycle 2, afin que les Grandes sections investissent, le temps d&rsquo;une journ\u00e9e, leur futur r\u00f4le de CP.<\/p>\n<p style=\"text-align: left;\"><strong><span style=\"color: #ff6600;\">Permanences<\/span><\/strong><\/p>\n<p style=\"text-align: left;\"><strong><span style=\"color: #ff6600;\"><br \/><\/span><\/strong><\/p>\n<p style=\"text-align: left;\">Des permanences seront assur\u00e9es <strong>tous les jeudis et vendredis apr\u00e8s-midi<\/strong> pour proc\u00e9der aux formalit\u00e9s d&rsquo;inscription, <strong>\u00e0 partir du 29 mars de 13h30 \u00e0 15h00.<\/strong><\/p>\n<p style=\"text-align: left;\"><strong><br \/><\/strong><\/p>\n<p style=\"text-align: left;\"><strong>Merci pour cela , de vous munir :<\/strong><\/p>\n<ul style=\"text-align: left;\">\n<li>du certificat de radiation d\u00e9livr\u00e9 par l&rsquo;\u00e9cole maternelle<\/li>\n<li>du livret de famille<\/li>\n<li>d&rsquo;un certificat du m\u00e9decin de famille ou tout document attestant que l&rsquo;enfant a subi les vaccinations obligatoires.<\/li>\n<\/ul>\n<p style=\"text-align: left;\">\u00a0<\/p>\n<p style=\"text-align: center;\">L&rsquo;\u00e9quipe \u00e9ducative<\/p>\n<p style=\"text-align: center;\">La Directrice , Mme Villers<\/p>\n","protected":false},"excerpt":{"rendered":"<p>\u00a0 Qui est concern\u00e9 ? Votre enfant va entrer au CP \u00e0 la rentr\u00e9e de septembre 2012? Vous devez choisir une \u00e9cole pour votre enfants? \u00a0 Si c&rsquo;est le cas ? Une journ\u00e9e porte ouverte aura lieu le samedi 24 &hellip;<\/p>\n<p class=\"read-more\"> <a class=\"more-link\" href=\"https:\/\/adpegroupeschuman.fr\/page\/2012\/03\/porteouverte2012\/\"> <span class=\"screen-reader-text\">PorteOuverte2012<\/span> Read More &raquo;<\/a><\/p>\n","protected":false},"author":1,"featured_media":0,"comment_status":"closed","ping_status":"open","sticky":false,"template":"","format":"standard","meta":{"footnotes":""},"categories":[19],"tags":[],"_links":{"self":[{"href":"https:\/\/adpegroupeschuman.fr\/page\/wp-json\/wp\/v2\/posts\/613"}],"collection":[{"href":"https:\/\/adpegroupeschuman.fr\/page\/wp-json\/wp\/v2\/posts"}],"about":[{"href":"https:\/\/adpegroupeschuman.fr\/page\/wp-json\/wp\/v2\/types\/post"}],"author":[{"embeddable":true,"href":"https:\/\/adpegroupeschuman.fr\/page\/wp-json\/wp\/v2\/users\/1"}],"replies":[{"embeddable":true,"href":"https:\/\/adpegroupeschuman.fr\/page\/wp-json\/wp\/v2\/comments?post=613"}],"version-history":[{"count":0,"href":"https:\/\/adpegroupeschuman.fr\/page\/wp-json\/wp\/v2\/posts\/613\/revisions"}],"wp:attachment":[{"href":"https:\/\/adpegroupeschuman.fr\/page\/wp-json\/wp\/v2\/media?parent=613"}],"wp:term":[{"taxonomy":"category","embeddable":true,"href":"https:\/\/adpegroupeschuman.fr\/page\/wp-json\/wp\/v2\/categories?post=613"},{"taxonomy":"post_tag","embeddable":true,"href":"https:\/\/adpegroupeschuman.fr\/page\/wp-json\/wp\/v2\/tags?post=613"}],"curies":[{"name":"wp","href":"https:\/\/api.w.org\/{rel}","templated":true}]}}