{"id":604,"date":"2012-02-07T19:19:37","date_gmt":"2012-02-07T19:19:37","guid":{"rendered":"http:\/\/adpegroupeschuman.fr\/page\/2012\/02\/sauvons-nos-maternelles\/"},"modified":"2012-02-07T19:19:37","modified_gmt":"2012-02-07T19:19:37","slug":"sauvons-nos-maternelles","status":"publish","type":"post","link":"https:\/\/adpegroupeschuman.fr\/page\/2012\/02\/sauvons-nos-maternelles\/","title":{"rendered":"Sauvons nos maternelles"},"content":{"rendered":"<p style=\"text-align: center;\" align=\"center\"><img loading=\"lazy\" decoding=\"async\" class=\" size-full wp-image-596\" src=\"http:\/\/adpegroupeschuman.fr\/page\/wp-content\/uploads\/2012\/02\/Asso_sauvonsnosmaternelles.jpg\" border=\"\ufffd\" width=\"352\" height=\"152\" \/><\/p>\n<p align=\"center\">\u00a0<\/p>\n<p style=\"text-align: center;\"><span style=\"font-size: medium;\"><strong><span style=\"text-decoration: underline;\">Collectif \u00ab <em>Sauvons nos maternelles<\/em> \u00bb<\/span><\/strong><\/span><\/p>\n<p align=\"center\"><span style=\"font-size: medium;\"><strong><br \/><\/strong><\/span><\/p>\n<p><strong><em>Collectif compos\u00e9 d\u2019Associations de Parents d\u2019El\u00e8ves,<\/em><\/strong><\/p>\n<p>ADPE Groupe Schuman Saint-Andr\u00e9 (<a href=\"mailto:bureau@adpegroupeschuman.fr\">bureau@adpegroupeschuman.fr<\/a>)<\/p>\n<p>APE FCPE Les Peupliers Saint-Andr\u00e9 (<a href=\"mailto:apefcpe.lespeupliers@laposte.net\">apefcpe.lespeupliers@laposte.net<\/a>)<\/p>\n<p>APEL St Joseph, Saint Andr\u00e9<\/p>\n<p>APEL La Cessoie, Saint Andr\u00e9<\/p>\n<p><strong><em>S\u2019ajouteront :<\/em><\/strong><\/p>\n<p>Les Associations et parents qui voudront se joindre  au collectif\u2026<\/p>\n<p>\u00a0<\/p>\n<p><strong>Aux parents d\u2019enfants n\u00e9s de 2009 \u00e0 2011 \u00e0 scolariser entre 2012 et 2014&#8230;<\/strong><\/p>\n<p><strong>Aux parents d\u2019\u00e9l\u00e8ves,<\/strong><\/p>\n<p><strong>Aux pr\u00e9sidents d\u2019Association de Parents d\u2019El\u00e8ves<\/strong><\/p>\n<p>\u00a0<\/p>\n<p>\u00a0<\/p>\n<p><strong>Convaincus de <span style=\"text-decoration: underline;\">l\u2019importance de l\u2019\u00e9cole maternelle<\/span> pour la r\u00e9ussite de nos enfants, de la qualit\u00e9 et de <span style=\"text-decoration: underline;\">l\u2019utilit\u00e9 des classes de toute-petite et petite sections de maternelles<\/span>, certains que <span style=\"text-decoration: underline;\">supprimer des postes ne rel\u00e8ve pas d\u2019une bonne gestion<\/span> puisqu\u2019elle fragilise le devenir de nos enfants, <span style=\"text-decoration: underline;\">convaincu que la possibilit\u00e9 d&rsquo;\u00eatre scolaris\u00e9 avant 3 ans r\u00e9volus peut \u00eatre une chance pour certains enfants<\/span>,<\/strong><\/p>\n<p>\u00a0<\/p>\n<p style=\"text-align: center;\"><span style=\"color: #ff0000;\"><strong><span style=\"font-size: medium;\">Nous vous proposons de rejoindre le collectif<br \/> \u00ab <span style=\"text-decoration: underline;\">Sauvons nos maternelles<\/span> \u00bb<\/span><\/strong><\/span><\/p>\n<p style=\"text-align: center;\"><span style=\"color: #0000ff;\"><strong><span style=\"font-size: medium;\"><br \/><\/span><\/strong><\/span><\/p>\n<p align=\"left\"><strong>Nous pr\u00e9voyons d&rsquo;organiser des s\u00e9ries d&rsquo;occupations symboliques d\u2019\u00e9coles apr\u00e8s la classe, avec invitation de la presse et des \u00e9lus locaux, dans plusieurs communes. Toute autre action est la bienvenue. Ce collectif permettra de recenser les actions diverses pour communiquer d&rsquo;une voix forte, avec l&rsquo;ambition de pouvoir afficher une liste d&rsquo;\u00e9cole active, et non de constater uniquement des actions isol\u00e9es.<\/strong><\/p>\n<p>Vous pouvez prendre un premier contact avec le collectif \u00ab Sauvons nos maternelles \u00bb<\/p>\n<p>au travers des Association de parents du Groupe Schuman et Les Peupliers de Saint-Andr\u00e9-lez-Lille, mais aussi \u00e0 l\u2019adresse mail suivante : <a href=\"mailto:sauvonsnosmaternelles@adpegroupeschuman.fr\">sauvonsnosmaternelles@adpegroupeschuman.fr<\/a><span style=\"color: #888888;\"> <\/span><\/p>\n<p>Transmettez nous vos coordonn\u00e9es, nous recontacterons directement les volontaires.<\/p>\n<p>\u00a0<\/p>\n<p style=\"text-align: center;\"><span style=\"font-size: medium;\"><span style=\"color: #ff0000;\"><strong>Il faut agir vite et ensemble !<\/strong><\/span><\/span><\/p>\n<p align=\"center\"><strong><br \/><\/strong><\/p>\n<p><strong><span style=\"text-decoration: underline;\">Pourquoi ce collectif ? <\/span><\/strong><\/p>\n<p><strong><span style=\"text-decoration: underline;\"><br \/><\/span><\/strong><\/p>\n<p>Les \u00e9tablissements scolaires voient leurs postes d\u2019enseignants et d\u2019autres personnels lourdement amput\u00e9s. La situation est d\u00e9j\u00e0 critique dans certaines \u00e9coles et va certainement affecter l\u2019\u00e9tablissement scolaire, public ou priv\u00e9, dans lequel votre enfant est ou sera scolaris\u00e9.                                        <br \/> Selon diverses sources (directions d\u2019\u00e9coles, mairies, associations de parents d\u2019\u00e9l\u00e8ves d\u2019envergure nationale) les enfants qui n\u2019auront pas eu trois ans le premier septembre 2012 pourraient ne pas \u00eatre scolaris\u00e9s en 2012. Les calculs de pr\u00e9visions des effectifs d&rsquo;enfants par \u00e9tablissement d&rsquo;une ann\u00e9e sur l&rsquo;autre ne prennent plus en compte les enfants de moins de trois ans, et justifie donc des fermetures de classes. On supprime ainsi des places disponibles pour l&rsquo;accueil des moins de 3 ans. Quelle sera la situation lorsqu&rsquo;ils auront atteint cet \u00e2ge ?<\/p>\n<p>Parall\u00e8lement, ces suppressions n\u2019am\u00e9lioreront pas les conditions d\u2019accueil pour les plus \u00e2g\u00e9s .  Les cons\u00e9quences nous semblent graves pour les enfants et les parents qui devront dans la pr\u00e9cipitation trouver une alternative \u00e0 une scolarit\u00e9. Si la scolarisation \u00e0 deux ans n\u2019est pas une obligation, elle est une opportunit\u00e9 pour un enfant qui est pr\u00eat voire demandeur, ce qui est tr\u00e8s fr\u00e9quemment le cas entre deux ans et demi et trois ans. Les structures \u00ab petite enfance \u00bb et les assistantes maternelles ne disposent pas de places suffisantes ni surtout adapt\u00e9es \u00e0 des enfants de 3-4 ans m\u00eame si le gouvernement a opportun\u00e9ment augment\u00e9 le nombre d\u2019enfants sous la responsabilit\u00e9 d\u2019un adulte en cr\u00e8che.<\/p>\n<p>\u00a0<\/p>\n<p style=\"text-align: right;\"><strong><span style=\"color: #ff0000;\">Le collectif \u00ab\u00a0Sauvons nos maternelles<\/span><\/strong><span style=\"color: #ff0000;\"><strong> \u00bb<\/strong><\/span><\/p>\n<p style=\"text-align: right;\"><strong><span style=\"color: #ff0000;\"><br \/><\/span><\/strong><\/p>\n<p style=\"text-align: center;\"><span style=\"color: #ff0000;\">&gt;&gt;&gt;&gt;&gt;&gt;&gt;<\/span><a href=\"http:\/\/adpegroupeschuman.fr\/page\/wp-content\/uploads\/2012\/02\/.._Documents_PetitionSauvMaternelle.pdf\" title=\"P\u00e9tition\"><img loading=\"lazy\" decoding=\"async\" class=\" size-full wp-image-598\" src=\"http:\/\/adpegroupeschuman.fr\/page\/wp-content\/uploads\/2012\/02\/Asso_tlptition.jpg\" border=\"0\" width=\"184\" height=\"133\" \/><\/a><span style=\"color: #ff0000;\">&lt;&lt;&lt;&lt;&lt;&lt;&lt;<\/span><\/p>\n<p style=\"text-align: center;\">\u00a0<\/p>\n<hr \/>\n<p>\u00a0<\/p>\n<p style=\"text-align: center;\"><strong><span style=\"text-decoration: underline;\"><span style=\"font-size: medium;\"><span style=\"color: #ff0000;\"><span style=\"color: #888888;\">Mobilisation \u00e0 l&rsquo;\u00e9cole Maternelle Desbordes Valmore le 10 f\u00e9vrier 2012<\/span><\/span><\/span><\/span><\/strong><\/p>\n<p style=\"text-align: center;\"><span style=\"color: #ff0000;\"><span style=\"color: #888888;\"><img loading=\"lazy\" decoding=\"async\" class=\" size-full wp-image-599\" src=\"http:\/\/adpegroupeschuman.fr\/page\/wp-content\/uploads\/2012\/02\/Asso_mobil_20fev.jpg\" border=\"0\" width=\"707\" height=\"339\" \/><\/span><\/span><\/p>\n<p style=\"text-align: center;\"><span style=\"color: #ff0000;\"><span style=\"color: #888888;\"> <\/span><\/span><\/p>\n<p style=\"text-align: center;\"><span style=\"color: #ff0000;\"><span style=\"color: #888888;\"><img loading=\"lazy\" decoding=\"async\" class=\" size-full wp-image-600\" src=\"http:\/\/adpegroupeschuman.fr\/page\/wp-content\/uploads\/2012\/02\/Asso_occup_fev12p3.jpg\" border=\"0\" width=\"0\" height=\"0\" \/><\/span><\/span><\/p>\n<p style=\"text-align: center;\"><span style=\"color: #ff0000;\"><span style=\"color: #888888;\"><br \/><\/span><\/span><\/p>\n<p style=\"text-align: center;\"><span style=\"color: #ff0000;\"><span style=\"color: #888888;\"><img loading=\"lazy\" decoding=\"async\" class=\" size-full wp-image-601\" src=\"http:\/\/adpegroupeschuman.fr\/page\/wp-content\/uploads\/2012\/02\/Asso_occup_fev12p2.jpg\" border=\"0\" width=\"0\" height=\"0\" \/><\/span><\/span><\/p>\n<p style=\"text-align: center;\"><span style=\"color: #ff0000;\"><span style=\"color: #888888;\"><img loading=\"lazy\" decoding=\"async\" class=\" size-full wp-image-602\" src=\"http:\/\/adpegroupeschuman.fr\/page\/wp-content\/uploads\/2012\/02\/Asso_Occup_fev12p4.jpg\" border=\"0\" width=\"0\" height=\"0\" \/><\/span><\/span><\/p>\n<p style=\"text-align: center;\"><span style=\"color: #ff0000;\"><span style=\"color: #888888;\"><img loading=\"lazy\" decoding=\"async\" class=\" size-full wp-image-603\" src=\"http:\/\/adpegroupeschuman.fr\/page\/wp-content\/uploads\/2012\/02\/Asso_Occup_fev12p5.jpg\" border=\"0\" width=\"0\" height=\"0\" \/><br \/><\/span><\/span><\/p>\n<hr \/>\n<p>\u00a0<\/p>\n<p style=\"text-align: center;\"><span style=\"font-size: medium;\"><strong>N&rsquo;h\u00e9sitez pas \u00e0 ajouter un commentaire\u00a0 !!!<\/strong><\/span><\/p>\n","protected":false},"excerpt":{"rendered":"<p>\u00a0 Collectif \u00ab Sauvons nos maternelles \u00bb Collectif compos\u00e9 d\u2019Associations de Parents d\u2019El\u00e8ves, ADPE Groupe Schuman Saint-Andr\u00e9 (bureau@adpegroupeschuman.fr) APE FCPE Les Peupliers Saint-Andr\u00e9 (apefcpe.lespeupliers@laposte.net) APEL St Joseph, Saint Andr\u00e9 APEL La Cessoie, Saint Andr\u00e9 S\u2019ajouteront : Les Associations et parents &hellip;<\/p>\n<p class=\"read-more\"> <a class=\"more-link\" href=\"https:\/\/adpegroupeschuman.fr\/page\/2012\/02\/sauvons-nos-maternelles\/\"> <span class=\"screen-reader-text\">Sauvons nos maternelles<\/span> Read More &raquo;<\/a><\/p>\n","protected":false},"author":1,"featured_media":0,"comment_status":"closed","ping_status":"open","sticky":false,"template":"","format":"standard","meta":{"footnotes":""},"categories":[25],"tags":[],"_links":{"self":[{"href":"https:\/\/adpegroupeschuman.fr\/page\/wp-json\/wp\/v2\/posts\/604"}],"collection":[{"href":"https:\/\/adpegroupeschuman.fr\/page\/wp-json\/wp\/v2\/posts"}],"about":[{"href":"https:\/\/adpegroupeschuman.fr\/page\/wp-json\/wp\/v2\/types\/post"}],"author":[{"embeddable":true,"href":"https:\/\/adpegroupeschuman.fr\/page\/wp-json\/wp\/v2\/users\/1"}],"replies":[{"embeddable":true,"href":"https:\/\/adpegroupeschuman.fr\/page\/wp-json\/wp\/v2\/comments?post=604"}],"version-history":[{"count":0,"href":"https:\/\/adpegroupeschuman.fr\/page\/wp-json\/wp\/v2\/posts\/604\/revisions"}],"wp:attachment":[{"href":"https:\/\/adpegroupeschuman.fr\/page\/wp-json\/wp\/v2\/media?parent=604"}],"wp:term":[{"taxonomy":"category","embeddable":true,"href":"https:\/\/adpegroupeschuman.fr\/page\/wp-json\/wp\/v2\/categories?post=604"},{"taxonomy":"post_tag","embeddable":true,"href":"https:\/\/adpegroupeschuman.fr\/page\/wp-json\/wp\/v2\/tags?post=604"}],"curies":[{"name":"wp","href":"https:\/\/api.w.org\/{rel}","templated":true}]}}