{"id":436,"date":"2010-11-28T17:25:02","date_gmt":"2010-11-28T17:25:02","guid":{"rendered":"http:\/\/adpegroupeschuman.fr\/page\/2010\/11\/le-reseau-daides-specialisees-aux-enfants-en-difficulte-rased\/"},"modified":"2015-05-11T15:32:07","modified_gmt":"2015-05-11T15:32:07","slug":"le-reseau-daides-specialisees-aux-enfants-en-difficulte-rased","status":"publish","type":"post","link":"https:\/\/adpegroupeschuman.fr\/page\/2010\/11\/le-reseau-daides-specialisees-aux-enfants-en-difficulte-rased\/","title":{"rendered":"Le R\u00e9seau d&rsquo;Aides Sp\u00e9cialis\u00e9es aux Enfants en Difficult\u00e9 (R.A.S.E.D.)"},"content":{"rendered":"<p style=\"text-align: center;\"><a href=\"http:\/\/adpegroupeschuman.fr\/page\/wp-content\/uploads\/2010\/11\/rased1.jpg\"><img loading=\"lazy\" decoding=\"async\" class=\"alignnone  wp-image-1029\" src=\"http:\/\/adpegroupeschuman.fr\/page\/wp-content\/uploads\/2010\/11\/rased1.jpg\" alt=\"rased\" width=\"147\" height=\"148\" srcset=\"https:\/\/adpegroupeschuman.fr\/page\/wp-content\/uploads\/2010\/11\/rased1.jpg 289w, https:\/\/adpegroupeschuman.fr\/page\/wp-content\/uploads\/2010\/11\/rased1-150x151.jpg 150w, https:\/\/adpegroupeschuman.fr\/page\/wp-content\/uploads\/2010\/11\/rased1-100x100.jpg 100w, https:\/\/adpegroupeschuman.fr\/page\/wp-content\/uploads\/2010\/11\/rased1-200x201.jpg 200w\" sizes=\"(max-width: 147px) 100vw, 147px\" \/><\/a><\/p>\n<p style=\"text-align: center;\"><span style=\"text-decoration: underline;\">Le groupe Schuman b\u00e9n\u00e9ficie des interventions du RASED.<\/span><\/p>\n<p style=\"text-align: center;\"><span style=\"text-decoration: underline;\">\u00a0<\/span><\/p>\n<p>Le RASED regroupe des ma\u00eetres sp\u00e9cialis\u00e9s qui ont re\u00e7u pour leurs missions une formation sp\u00e9cifique et qui travaillent en \u00e9quipe.<\/p>\n<p>Pour ce secteur et cette ann\u00e9e <strong>2011-2012<\/strong>, il s&rsquo;agit de :<\/p>\n<ul>\n<li>Madame Decottignies, psychologue scolaire\u00a0 t\u00e9l : 03.20.74.01.90<\/li>\n<li>Madame Rousseau, enseignante sp\u00e9cialis\u00e9e \u00e0 dominante r\u00e9\u00e9ducative\u00a0 t\u00e9l : 03.20.40.95.44<\/li>\n<li>Madame Marion Ghoris et Madame Val\u00e9rie Courier (mi-temps), enseignante sp\u00e9cialis\u00e9e \u00e0 dominante p\u00e9dagogique<\/li>\n<\/ul>\n<p>Les aides sont apport\u00e9es au sein de l&rsquo;\u00e9cole :<\/p>\n<ul>\n<li>gratuitement<\/li>\n<li>pendant le temps scolaire<\/li>\n<li>individuellement ou en petits groupes<\/li>\n<\/ul>\n<p>La demande d&rsquo;aide peut \u00eatre adress\u00e9e au r\u00e9seau par l&rsquo;enseignant, la famille ou l&rsquo;enfant lui-m\u00eame.<\/p>\n<p>Un document compl\u00e9ment au \u00ab\u00a0<a href=\"http:\/\/adpegroupeschuman.fr\/page\/wp-content\/uploads\/2010\/11\/.._Documents_Sup_RASED_Livret.pdf\">Guide pratique des parents<\/a>\u00a0\u00bb (\u00e9dit\u00e9 par le Minsit\u00e8re de l&rsquo;Education Nationale) vous est ci-dessous propos\u00e9 : con\u00e7u par les trois f\u00e9d\u00e9rations d&rsquo;enseignants sp\u00e9cialis\u00e9s, il d\u00e9crit plus pr\u00e9cis\u00e9ment les missions et le travail du RASED.<\/p>\n<p>&nbsp;<\/p>\n<p style=\"text-align: center;\"><a href=\"http:\/\/adpegroupeschuman.fr\/page\/wp-content\/uploads\/2010\/11\/.._Documents_Sup_RASED_Livret.pdf\"><img loading=\"lazy\" decoding=\"async\" class=\" size-full wp-image-435\" src=\"http:\/\/adpegroupeschuman.fr\/page\/wp-content\/uploads\/2010\/11\/logopdf.gif\" alt=\"\" width=\"66\" height=\"42\" border=\"0\" \/><\/a><\/p>\n","protected":false},"excerpt":{"rendered":"<p>Le groupe Schuman b\u00e9n\u00e9ficie des interventions du RASED. \u00a0 Le RASED regroupe des ma\u00eetres sp\u00e9cialis\u00e9s qui ont re\u00e7u pour leurs missions une formation sp\u00e9cifique et qui travaillent en \u00e9quipe. Pour ce secteur et cette ann\u00e9e 2011-2012, il s&rsquo;agit de : &hellip;<\/p>\n<p class=\"read-more\"> <a class=\"more-link\" href=\"https:\/\/adpegroupeschuman.fr\/page\/2010\/11\/le-reseau-daides-specialisees-aux-enfants-en-difficulte-rased\/\"> <span class=\"screen-reader-text\">Le R\u00e9seau d&rsquo;Aides Sp\u00e9cialis\u00e9es aux Enfants en Difficult\u00e9 (R.A.S.E.D.)<\/span> Read More &raquo;<\/a><\/p>\n","protected":false},"author":1,"featured_media":0,"comment_status":"closed","ping_status":"open","sticky":false,"template":"","format":"standard","meta":{"footnotes":""},"categories":[20],"tags":[],"_links":{"self":[{"href":"https:\/\/adpegroupeschuman.fr\/page\/wp-json\/wp\/v2\/posts\/436"}],"collection":[{"href":"https:\/\/adpegroupeschuman.fr\/page\/wp-json\/wp\/v2\/posts"}],"about":[{"href":"https:\/\/adpegroupeschuman.fr\/page\/wp-json\/wp\/v2\/types\/post"}],"author":[{"embeddable":true,"href":"https:\/\/adpegroupeschuman.fr\/page\/wp-json\/wp\/v2\/users\/1"}],"replies":[{"embeddable":true,"href":"https:\/\/adpegroupeschuman.fr\/page\/wp-json\/wp\/v2\/comments?post=436"}],"version-history":[{"count":2,"href":"https:\/\/adpegroupeschuman.fr\/page\/wp-json\/wp\/v2\/posts\/436\/revisions"}],"predecessor-version":[{"id":1030,"href":"https:\/\/adpegroupeschuman.fr\/page\/wp-json\/wp\/v2\/posts\/436\/revisions\/1030"}],"wp:attachment":[{"href":"https:\/\/adpegroupeschuman.fr\/page\/wp-json\/wp\/v2\/media?parent=436"}],"wp:term":[{"taxonomy":"category","embeddable":true,"href":"https:\/\/adpegroupeschuman.fr\/page\/wp-json\/wp\/v2\/categories?post=436"},{"taxonomy":"post_tag","embeddable":true,"href":"https:\/\/adpegroupeschuman.fr\/page\/wp-json\/wp\/v2\/tags?post=436"}],"curies":[{"name":"wp","href":"https:\/\/api.w.org\/{rel}","templated":true}]}}