{"id":758,"date":"2014-03-15T11:58:47","date_gmt":"2014-03-15T11:58:47","guid":{"rendered":"http:\/\/adpegroupeschuman.fr\/page\/2014\/03\/bourse-aux-livres\/"},"modified":"2014-03-15T11:58:47","modified_gmt":"2014-03-15T11:58:47","slug":"bourse-aux-livres","status":"publish","type":"post","link":"http:\/\/adpegroupeschuman.fr\/page\/2014\/03\/bourse-aux-livres\/","title":{"rendered":"Bourse aux livres"},"content":{"rendered":"<p>\u00a0<\/p>\n<p style=\"text-align: center;\"><span style=\"color: #3366ff; font-size: medium;\"><strong>Bourse aux Livres, CD et DVD Ecole Curie-Ferry<br \/><\/strong><\/span><\/p>\n<p style=\"text-align: center;\">\u00a0<\/p>\n<p><span style=\"color: #3366ff; font-size: medium;\"><strong><img loading=\"lazy\" decoding=\"async\" class=\" size-full wp-image-757\" src=\"http:\/\/adpegroupeschuman.fr\/page\/wp-content\/uploads\/2014\/03\/2014_bourselivres2014.jpg\" border=\"0\" alt=\"\" width=\"215\" height=\"211\" style=\"display: block; margin-left: auto; margin-right: auto;\" \/><\/strong><\/span><\/p>\n<p><span style=\"font-size: small;\"><span style=\"text-decoration: underline;\"><strong>Attention :<\/strong><\/span> le 28 mars aura lieu \u00e0 l&rsquo;\u00e9cole une grande bourse aux livres, CD et DVD.Cette bourse aux livres vous permettra d&rsquo;acheter livres, CD et DVD \u00e0 moindre co\u00fbt.Pour nous permettre de faire de cet \u00e9v\u00e8nement une grande r\u00e9ussite, nous avons besoin de votre aide:<\/span><\/p>\n<p>\u00a0<\/p>\n<p><span style=\"color: #ff00ff;\"><strong><span style=\"font-size: medium;\">Venez d\u00e9poser jusqu&rsquo;au 27 mars les livres que vous ne lisez plus, CD que vous n&rsquo;\u00e9coutez plus, les DVD que vous ne regardez plus&#8230;<\/span><\/strong><\/span><\/p>\n<p><span style=\"color: #ff00ff;\"><strong><span style=\"font-size: medium;\">\u00a0<\/span><\/strong><\/span><\/p>\n<p><span style=\"font-size: small;\">Les b\u00e9n\u00e9fices de cette bourse aux livres nous permettrons de financer plusieurs projets de classe.<\/span><\/p>\n<p>Apr\u00e8s la vente, les livres, CD et DVD invendus seront offert \u00e0 une association caritative.<\/p>\n<p>Un grand merci pour votre collaboration !!!<\/p>\n<p style=\"text-align: right;\"><span style=\"color: #0000ff;\"><strong>L&rsquo;\u00e9quipe p\u00e9dagogique de l&rsquo;\u00e9cole.<\/strong><\/span><\/p>\n","protected":false},"excerpt":{"rendered":"<p>\u00a0 Bourse aux Livres, CD et DVD Ecole Curie-Ferry \u00a0 Attention : le 28 mars aura lieu \u00e0 l&rsquo;\u00e9cole une grande bourse aux livres, CD et DVD.Cette bourse aux livres vous permettra d&rsquo;acheter livres, CD et DVD \u00e0 moindre co\u00fbt.Pour &hellip;<\/p>\n<p class=\"read-more\"> <a class=\"more-link\" href=\"http:\/\/adpegroupeschuman.fr\/page\/2014\/03\/bourse-aux-livres\/\"> <span class=\"screen-reader-text\">Bourse aux livres<\/span> Read More &raquo;<\/a><\/p>\n","protected":false},"author":1,"featured_media":0,"comment_status":"closed","ping_status":"open","sticky":false,"template":"","format":"standard","meta":{"footnotes":""},"categories":[13],"tags":[],"_links":{"self":[{"href":"http:\/\/adpegroupeschuman.fr\/page\/wp-json\/wp\/v2\/posts\/758"}],"collection":[{"href":"http:\/\/adpegroupeschuman.fr\/page\/wp-json\/wp\/v2\/posts"}],"about":[{"href":"http:\/\/adpegroupeschuman.fr\/page\/wp-json\/wp\/v2\/types\/post"}],"author":[{"embeddable":true,"href":"http:\/\/adpegroupeschuman.fr\/page\/wp-json\/wp\/v2\/users\/1"}],"replies":[{"embeddable":true,"href":"http:\/\/adpegroupeschuman.fr\/page\/wp-json\/wp\/v2\/comments?post=758"}],"version-history":[{"count":0,"href":"http:\/\/adpegroupeschuman.fr\/page\/wp-json\/wp\/v2\/posts\/758\/revisions"}],"wp:attachment":[{"href":"http:\/\/adpegroupeschuman.fr\/page\/wp-json\/wp\/v2\/media?parent=758"}],"wp:term":[{"taxonomy":"category","embeddable":true,"href":"http:\/\/adpegroupeschuman.fr\/page\/wp-json\/wp\/v2\/categories?post=758"},{"taxonomy":"post_tag","embeddable":true,"href":"http:\/\/adpegroupeschuman.fr\/page\/wp-json\/wp\/v2\/tags?post=758"}],"curies":[{"name":"wp","href":"https:\/\/api.w.org\/{rel}","templated":true}]}}