{"id":741,"date":"2014-01-23T21:48:18","date_gmt":"2014-01-23T21:48:18","guid":{"rendered":"http:\/\/adpegroupeschuman.fr\/page\/2014\/01\/sorties-et-animations-janvier-fevrier-2014\/"},"modified":"2014-01-23T21:48:18","modified_gmt":"2014-01-23T21:48:18","slug":"sorties-et-animations-janvier-fevrier-2014","status":"publish","type":"post","link":"http:\/\/adpegroupeschuman.fr\/page\/2014\/01\/sorties-et-animations-janvier-fevrier-2014\/","title":{"rendered":"Sorties et animations (janvier f\u00e9vrier 2014):"},"content":{"rendered":"<p>\u00a0<img loading=\"lazy\" decoding=\"async\" class=\" size-full wp-image-740\" src=\"http:\/\/adpegroupeschuman.fr\/page\/wp-content\/uploads\/2014\/01\/images_calendrier.jpg\" border=\"0\" alt=\"\" width=\"104\" height=\"92\" style=\"display: block; margin-left: auto; margin-right: auto;\" \/><\/p>\n<p style=\"text-align: center;\"><span style=\"font-size: small;\">Voici les diff\u00e9rentes sorties et animations propos\u00e9es aux \u00e9l\u00e8ves pour la p\u00e9riode de janvier f\u00e9vrier 2014:<\/span><\/p>\n<p><span style=\"font-size: small;\">\u00a0<\/span><\/p>\n<p><span style=\"font-size: small;\"><span style=\"color: #ff9900;\"><strong> 7 janvier\u00a0:<\/strong><\/span> Les CM1 \u00e0 la d\u00e9couverte <a href=\"http:\/\/www.forumdepartementaldessciences.fr\/exposition-grand\/gaulois-une-expo-renversante\/\" target=\"_blank\" title=\"Lien vers Expo\">des gaulois au forum des sciences de Villeneuve d\u2019Ascq<\/a><\/span><\/p>\n<p><span style=\"font-size: small;\">\u00a0<\/span><\/p>\n<p><span style=\"font-size: small;\"><strong><span style=\"color: #ff9900;\">13 Janvier\u00a0:<\/span> <\/strong>CM1\u00a0: Animation organis\u00e9e par l\u2019infirmi\u00e8re scolaire sur les bienfaits d\u2019une alimentation \u00e9quilibr\u00e9e<\/span><\/p>\n<p><span style=\"font-size: small;\">\u00a0<\/span><\/p>\n<p><span style=\"font-size: small;\"><strong><span style=\"color: #ff9900;\">Lundi 20 et jeudi 23 janvier\u00a0:<\/span><\/strong> CE2\u00a0: Animation organis\u00e9e par l\u2019infirmi\u00e8re scolaire sur l\u2019importance du sommeil chez les enfants<\/span><\/p>\n<p><span style=\"font-size: small;\">\u00a0<\/span><\/p>\n<p><span style=\"font-size: small;\"><strong><span style=\"color: #ff9900;\">Jeudi 30 janvier\u00a0:<\/span><\/strong> Les CM1 en visite au <strong><a href=\"http:\/\/blogmoulin.blogspot.fr\/\" title=\"Lien vers le Blog\">coll\u00e8ge Jean-Moulin<\/a><\/strong>\u00a0:Petit d\u00e9jeuner puis organisation de 3 ateliers\u00a0: <\/span><\/p>\n<p style=\"padding-left: 30px;\"><span style=\"font-size: small;\">Atelier bridge organis\u00e9 par<strong> Mme Ducastelle<\/strong> (professeur de musique), <br \/><\/span><\/p>\n<p style=\"padding-left: 30px;\"><span style=\"font-size: small;\">Atelier \u00ab\u00a0bi langue\u00a0\u00bb organis\u00e9 par <strong>Mme Bonningues<\/strong> (professeur d\u2019allemand) <\/span><\/p>\n<p style=\"padding-left: 30px;\"><span style=\"font-size: small;\">Atelier \u00a0informatique organis\u00e9 par <strong>Mr S\u00e9n\u00e9cot<\/strong> (professeur de math\u00e9matiques)<\/span><\/p>\n<p style=\"padding-left: 30px;\"><span style=\"font-size: small;\">\u00a0<\/span><\/p>\n<p><span style=\"font-size: small;\"><span style=\"color: #ff9900;\"><strong>Vendredi 31 janvier\u00a0:<\/strong><\/span> Les CE2 \u00e0 la d\u00e9couverte des gaulois au forum des sciences de Villeneuve d\u2019Ascq<\/span><\/p>\n<p><span style=\"font-size: small;\">\u00a0<\/span><\/p>\n<p><span style=\"font-size: small;\"><span style=\"color: #ff9900;\"><strong>Vendredi 24 janvier\u00a0:<\/strong><\/span> CP\u00a0: Animation sur l\u2019hygi\u00e8ne bucco-dentaire organis\u00e9 par <strong>l\u2019APESAL<\/strong><\/span><\/p>\n<p><span style=\"font-size: small;\"><strong>\u00a0<\/strong><\/span><\/p>\n<p><span style=\"font-size: small;\"><span style=\"color: #ff9900;\"><strong>Lundi 17 f\u00e9vrier (la date reste \u00e0 confirmer)\u00a0:<\/strong><\/span>Pour toutes les classes\u00a0: \u00a0Spectacle de th\u00e9\u00e2tre interpr\u00e9t\u00e9 par<strong> Emilie Del\u00e9trez<\/strong>, \u00e0 la salle Wauquier\u00a0<\/span><\/p>\n<p><span style=\"font-size: small;\">\u00a0<\/span><\/p>\n<p><span style=\"font-size: small;\">\u00a0<\/span><\/p>\n","protected":false},"excerpt":{"rendered":"<p>\u00a0 Voici les diff\u00e9rentes sorties et animations propos\u00e9es aux \u00e9l\u00e8ves pour la p\u00e9riode de janvier f\u00e9vrier 2014: \u00a0 7 janvier\u00a0: Les CM1 \u00e0 la d\u00e9couverte des gaulois au forum des sciences de Villeneuve d\u2019Ascq \u00a0 13 Janvier\u00a0: CM1\u00a0: Animation organis\u00e9e &hellip;<\/p>\n<p class=\"read-more\"> <a class=\"more-link\" href=\"http:\/\/adpegroupeschuman.fr\/page\/2014\/01\/sorties-et-animations-janvier-fevrier-2014\/\"> <span class=\"screen-reader-text\">Sorties et animations (janvier f\u00e9vrier 2014):<\/span> Read More &raquo;<\/a><\/p>\n","protected":false},"author":1,"featured_media":0,"comment_status":"closed","ping_status":"open","sticky":false,"template":"","format":"standard","meta":{"footnotes":""},"categories":[13],"tags":[],"_links":{"self":[{"href":"http:\/\/adpegroupeschuman.fr\/page\/wp-json\/wp\/v2\/posts\/741"}],"collection":[{"href":"http:\/\/adpegroupeschuman.fr\/page\/wp-json\/wp\/v2\/posts"}],"about":[{"href":"http:\/\/adpegroupeschuman.fr\/page\/wp-json\/wp\/v2\/types\/post"}],"author":[{"embeddable":true,"href":"http:\/\/adpegroupeschuman.fr\/page\/wp-json\/wp\/v2\/users\/1"}],"replies":[{"embeddable":true,"href":"http:\/\/adpegroupeschuman.fr\/page\/wp-json\/wp\/v2\/comments?post=741"}],"version-history":[{"count":0,"href":"http:\/\/adpegroupeschuman.fr\/page\/wp-json\/wp\/v2\/posts\/741\/revisions"}],"wp:attachment":[{"href":"http:\/\/adpegroupeschuman.fr\/page\/wp-json\/wp\/v2\/media?parent=741"}],"wp:term":[{"taxonomy":"category","embeddable":true,"href":"http:\/\/adpegroupeschuman.fr\/page\/wp-json\/wp\/v2\/categories?post=741"},{"taxonomy":"post_tag","embeddable":true,"href":"http:\/\/adpegroupeschuman.fr\/page\/wp-json\/wp\/v2\/tags?post=741"}],"curies":[{"name":"wp","href":"https:\/\/api.w.org\/{rel}","templated":true}]}}