{"id":734,"date":"2013-12-31T13:13:20","date_gmt":"2013-12-31T13:13:20","guid":{"rendered":"http:\/\/adpegroupeschuman.fr\/page\/2013\/12\/brioches-2013\/"},"modified":"2013-12-31T13:13:20","modified_gmt":"2013-12-31T13:13:20","slug":"brioches-2013","status":"publish","type":"post","link":"http:\/\/adpegroupeschuman.fr\/page\/2013\/12\/brioches-2013\/","title":{"rendered":"Brioches 2013"},"content":{"rendered":"<p style=\"text-align: center;\"><strong><span style=\"font-size: medium; color: #0000ff;\">Op\u00e9ration Brioches 2013<\/span><\/strong><\/p>\n<p style=\"text-align: center;\"><strong><span style=\"font-size: medium; color: #0000ff;\">\u00a0<\/span><\/strong><\/p>\n<p><span style=\"font-size: small;\">Cette ann\u00e9e encore vous avez \u00e9t\u00e9 nombreux \u00e0 participer \u00e0 cette op\u00e9ration et nous vous en remercions.<\/span><\/p>\n<p><span style=\"font-size: small;\">\u00a0<\/span><\/p>\n<p><span style=\"font-size: small;\">En effet<span style=\"text-decoration: underline;\"><strong> 360 brioches<\/strong><\/span> ont \u00e9t\u00e9 embal\u00e9es et distribu\u00e9es le 19 d\u00e9cembre dernier, dans la joie et la bonne humeur !<\/span><\/p>\n<p><span style=\"font-size: small;\">\u00a0<\/span><\/p>\n<p><img loading=\"lazy\" decoding=\"async\" class=\" size-full wp-image-733\" src=\"http:\/\/adpegroupeschuman.fr\/page\/wp-content\/uploads\/2013\/12\/2014_Brioche2013.jpg\" border=\"0\" alt=\"\" style=\"display: block; margin-left: auto; margin-right: auto;\" width=\"0\" height=\"0\" \/><\/p>\n<p><span style=\"font-size: small;\">\u00a0<\/span><\/p>\n<p><span style=\"font-size: small;\">Les b\u00e9n\u00e9fices seront directement revers\u00e9s aux \u00e9coles en d\u00e9but d&rsquo;ann\u00e9e.<\/span><\/p>\n<p><span style=\"font-size: small;\">\u00a0<\/span><\/p>\n<p><span style=\"font-size: small;\">Nous esp\u00e9rons que la d\u00e9gustation a \u00e9t\u00e9 appr\u00e9ci\u00e9e et vous souhaitons de bonnes f\u00eates de fin d&rsquo;ann\u00e9e!!!<\/span><\/p>\n","protected":false},"excerpt":{"rendered":"<p>Op\u00e9ration Brioches 2013 \u00a0 Cette ann\u00e9e encore vous avez \u00e9t\u00e9 nombreux \u00e0 participer \u00e0 cette op\u00e9ration et nous vous en remercions. \u00a0 En effet 360 brioches ont \u00e9t\u00e9 embal\u00e9es et distribu\u00e9es le 19 d\u00e9cembre dernier, dans la joie et la &hellip;<\/p>\n<p class=\"read-more\"> <a class=\"more-link\" href=\"http:\/\/adpegroupeschuman.fr\/page\/2013\/12\/brioches-2013\/\"> <span class=\"screen-reader-text\">Brioches 2013<\/span> Read More &raquo;<\/a><\/p>\n","protected":false},"author":1,"featured_media":0,"comment_status":"closed","ping_status":"open","sticky":false,"template":"","format":"standard","meta":{"footnotes":""},"categories":[28],"tags":[],"_links":{"self":[{"href":"http:\/\/adpegroupeschuman.fr\/page\/wp-json\/wp\/v2\/posts\/734"}],"collection":[{"href":"http:\/\/adpegroupeschuman.fr\/page\/wp-json\/wp\/v2\/posts"}],"about":[{"href":"http:\/\/adpegroupeschuman.fr\/page\/wp-json\/wp\/v2\/types\/post"}],"author":[{"embeddable":true,"href":"http:\/\/adpegroupeschuman.fr\/page\/wp-json\/wp\/v2\/users\/1"}],"replies":[{"embeddable":true,"href":"http:\/\/adpegroupeschuman.fr\/page\/wp-json\/wp\/v2\/comments?post=734"}],"version-history":[{"count":0,"href":"http:\/\/adpegroupeschuman.fr\/page\/wp-json\/wp\/v2\/posts\/734\/revisions"}],"wp:attachment":[{"href":"http:\/\/adpegroupeschuman.fr\/page\/wp-json\/wp\/v2\/media?parent=734"}],"wp:term":[{"taxonomy":"category","embeddable":true,"href":"http:\/\/adpegroupeschuman.fr\/page\/wp-json\/wp\/v2\/categories?post=734"},{"taxonomy":"post_tag","embeddable":true,"href":"http:\/\/adpegroupeschuman.fr\/page\/wp-json\/wp\/v2\/tags?post=734"}],"curies":[{"name":"wp","href":"https:\/\/api.w.org\/{rel}","templated":true}]}}