{"id":725,"date":"2013-11-12T20:22:14","date_gmt":"2013-11-12T20:22:14","guid":{"rendered":"http:\/\/adpegroupeschuman.fr\/page\/2013\/11\/projets-d-ecoles-curie-ferry-2013-2014\/"},"modified":"2015-05-11T12:41:14","modified_gmt":"2015-05-11T12:41:14","slug":"projets-d-ecoles-curie-ferry-2013-2014","status":"publish","type":"post","link":"http:\/\/adpegroupeschuman.fr\/page\/2013\/11\/projets-d-ecoles-curie-ferry-2013-2014\/","title":{"rendered":"Projets d&rsquo;\u00e9cole Curie-Ferry 2013-2014"},"content":{"rendered":"<p style=\"text-align: center;\"><span style=\"text-decoration: underline;\"><strong><span style=\"font-family: comic sans ms,sans-serif; color: #ff6600; font-size: medium; text-decoration: underline;\">Les projets d&rsquo;\u00e9cole Curie- Ferry 2013-2014<br \/>\n<\/span><\/strong><\/span><\/p>\n<p style=\"text-align: center;\"><span style=\"font-family: comic sans ms,sans-serif; color: #ff6600; font-size: medium;\">\u00a0<\/span><\/p>\n<p style=\"text-align: center;\"><span style=\"font-family: comic sans ms,sans-serif; color: #ff6600; font-size: medium;\">\u00a0<\/span><\/p>\n<p style=\"text-align: center;\"><span style=\"font-family: comic sans ms,sans-serif; color: #ff6600; font-size: medium;\">\u00a0<\/span><\/p>\n<ul style=\"list-style-type: square;\">\n<li><span style=\"font-size: 11.0pt; font-family: 'Calibri','sans-serif'; color: #1f497d;\"><span style=\"font: 7.0pt 'Times New Roman';\">\u00a0<\/span><\/span><span style=\"font-size: 11.0pt; font-family: 'Calibri','sans-serif'; color: #1f497d;\"><span style=\"color: #ff6600;\"><strong><span style=\"text-decoration: underline;\">17 octobre\u00a0:<\/span><\/strong><\/span> Animation pr\u00e9vention routi\u00e8re organis\u00e9e par le CRS de Lambersart, \u00a0propos\u00e9e aux deux classes de CM2\u00a0: 3 ateliers propos\u00e9s\u00a0:<\/span><\/li>\n<\/ul>\n<p><span style=\"font-size: 11.0pt; font-family: 'Calibri','sans-serif'; color: #1f497d;\">\u00a0<\/span><\/p>\n<p style=\"margin-left: 72.0pt;\"><span style=\"font-size: 11.0pt; font-family: 'Calibri','sans-serif'; color: #1f497d;\">&#8211; un atelier\u00a0: cours de secourisme\u00a0: l\u2019enfant apprend \u00e0 se situer et \u00e0 d\u00e9crire une sc\u00e8ne par t\u00e9l\u00e9phone aupr\u00e8s des services de secours. Rappel des gestes simples.<\/span><\/p>\n<p style=\"margin-left: 72.0pt;\"><span style=\"font-size: 11.0pt; font-family: 'Calibri','sans-serif'; color: #1f497d;\">\u00a0<\/span><\/p>\n<p style=\"margin-left: 72.0pt;\"><span style=\"font-size: 11.0pt; font-family: 'Calibri','sans-serif'; color: #1f497d;\">-un atelier\u00a0: Rappel des r\u00e8gles du code de la route.<\/span><\/p>\n<p style=\"margin-left: 72.0pt;\"><span style=\"font-size: 11.0pt; font-family: 'Calibri','sans-serif'; color: #1f497d;\">\u00a0<\/span><\/p>\n<p style=\"margin-left: 72.0pt;\"><span style=\"font-size: 11.0pt; font-family: 'Calibri','sans-serif'; color: #1f497d;\">-un atelier\u00a0: Rencontre avec un gendarme qui explique son m\u00e9tier, son r\u00f4le dans la s\u00e9curit\u00e9 routi\u00e8re.<\/span><\/p>\n<p style=\"margin-left: 72.0pt;\"><span style=\"font-size: 11.0pt; font-family: 'Calibri','sans-serif'; color: #1f497d;\">\u00a0<\/span><\/p>\n<p style=\"margin-left: 72.0pt;\"><span style=\"font-size: 11.0pt; font-family: 'Calibri','sans-serif'; color: #1f497d;\">\u00a0<img loading=\"lazy\" decoding=\"async\" class=\" size-full wp-image-724\" style=\"display: block; margin-left: auto; margin-right: auto;\" src=\"http:\/\/adpegroupeschuman.fr\/page\/wp-content\/uploads\/2013\/11\/2014_Gend2013.jpg\" alt=\"\" width=\"603\" height=\"452\" border=\"0\" \/><\/span><\/p>\n<p style=\"margin-left: 72.0pt;\">\n<p>&nbsp;<\/p>\n<ul style=\"list-style-type: square;\">\n<li><span style=\"font-size: 11.0pt; font-family: 'Calibri','sans-serif'; color: #1f497d;\"><span style=\"text-decoration: underline;\"><span style=\"color: #ff6600; text-decoration: underline;\"><strong>Mardi 5 novembre\u00a0:<\/strong><\/span><\/span> Intervention dans l\u2019\u00e9cole d\u2019une com\u00e9dienne et d\u2019un musicien dans le cadre des concerts de poche. Animation propos\u00e9e aux CP de Mme STECKO, aux CE2 de Mes JOSEPH et POLLET, aux \u00a02 CM1. Cette animation se situe en amont du concert donn\u00e9 ce mardi 12 novembre au Zeppelin par Caroline Casadesus\u00a0: \u00ab\u00a0La voix humaine\u00a0\u00bb<\/span><\/li>\n<\/ul>\n<p><span style=\"font-size: 11.0pt; font-family: 'Calibri','sans-serif'; color: #1f497d;\">\u00a0<\/span><\/p>\n<ul style=\"list-style-type: square;\">\n<li><span style=\"font-size: 11.0pt; font-family: 'Calibri','sans-serif'; color: #1f497d;\">\u00a0<span style=\"text-decoration: underline; color: #ff6600;\"><strong>Courant f\u00e9vrier\/mars\u00a0:<\/strong> <\/span>Bourse aux livres\u00a0: Un appel au don de livres sera effectu\u00e9 aupr\u00e8s des parents d\u2019\u00e9l\u00e8ves. A la suite de cette collecte, nous effectuerons une bourse aux livres. La date n\u2019est pas encore fix\u00e9e.<\/span><\/li>\n<\/ul>\n<p style=\"margin-left: 72.0pt;\"><span style=\"font-size: 11.0pt; font-family: 'Calibri','sans-serif'; color: #1f497d;\">\u00a0<\/span><\/p>\n<ul style=\"list-style-type: square;\">\n<li><span style=\"font-size: 11.0pt; font-family: 'Calibri','sans-serif'; color: #1f497d;\"><span style=\"text-decoration: underline; color: #ff6600;\"><strong>La course contre la faim.<\/strong><\/span> Cette course concernera tous les \u00e9l\u00e8ves de l\u2019\u00e9cole. Elle aura lieu le vendredi 16 mai. Ce projet est tr\u00e8s long \u00e0 expliquer. Nous aurons l\u2019occasion de vous l\u2019exposer \u00e0 l\u2019oral. Sachez juste qu\u2019il d\u00e9marrera par une s\u00e9ance de sensibilisation au probl\u00e8me de la faim dans le monde le jeudi 13 mars.<\/span><\/li>\n<\/ul>\n<p style=\"margin-left: 72.0pt;\"><span style=\"font-size: 11.0pt; font-family: 'Calibri','sans-serif'; color: #1f497d;\">\u00a0<\/span><\/p>\n<p><span style=\"font-size: 11.0pt; font-family: 'Calibri','sans-serif'; color: #1f497d;\">Vous trouverez\u00a0 prochainement les autres projets\u00a0 en cours de r\u00e9flexion.<\/span><\/p>\n<p><span style=\"font-size: 11.0pt; font-family: 'Calibri','sans-serif'; color: #1f497d;\">\u00a0<\/span><\/p>\n<p style=\"text-align: right;\"><span style=\"font-size: 11.0pt; font-family: 'Calibri','sans-serif'; color: #1f497d;\"><span style=\"font-family: comic sans ms,sans-serif;\">Mme Pollet<\/span><br \/>\n<\/span><\/p>\n","protected":false},"excerpt":{"rendered":"<p>Les projets d&rsquo;\u00e9cole Curie- Ferry 2013-2014 \u00a0 \u00a0 \u00a0 \u00a017 octobre\u00a0: Animation pr\u00e9vention routi\u00e8re organis\u00e9e par le CRS de Lambersart, \u00a0propos\u00e9e aux deux classes de CM2\u00a0: 3 ateliers propos\u00e9s\u00a0: \u00a0 &#8211; un atelier\u00a0: cours de secourisme\u00a0: l\u2019enfant apprend \u00e0 se &hellip;<\/p>\n<p class=\"read-more\"> <a class=\"more-link\" href=\"http:\/\/adpegroupeschuman.fr\/page\/2013\/11\/projets-d-ecoles-curie-ferry-2013-2014\/\"> <span class=\"screen-reader-text\">Projets d&rsquo;\u00e9cole Curie-Ferry 2013-2014<\/span> Read More &raquo;<\/a><\/p>\n","protected":false},"author":1,"featured_media":0,"comment_status":"closed","ping_status":"open","sticky":false,"template":"","format":"standard","meta":{"footnotes":""},"categories":[13],"tags":[],"_links":{"self":[{"href":"http:\/\/adpegroupeschuman.fr\/page\/wp-json\/wp\/v2\/posts\/725"}],"collection":[{"href":"http:\/\/adpegroupeschuman.fr\/page\/wp-json\/wp\/v2\/posts"}],"about":[{"href":"http:\/\/adpegroupeschuman.fr\/page\/wp-json\/wp\/v2\/types\/post"}],"author":[{"embeddable":true,"href":"http:\/\/adpegroupeschuman.fr\/page\/wp-json\/wp\/v2\/users\/1"}],"replies":[{"embeddable":true,"href":"http:\/\/adpegroupeschuman.fr\/page\/wp-json\/wp\/v2\/comments?post=725"}],"version-history":[{"count":1,"href":"http:\/\/adpegroupeschuman.fr\/page\/wp-json\/wp\/v2\/posts\/725\/revisions"}],"predecessor-version":[{"id":1011,"href":"http:\/\/adpegroupeschuman.fr\/page\/wp-json\/wp\/v2\/posts\/725\/revisions\/1011"}],"wp:attachment":[{"href":"http:\/\/adpegroupeschuman.fr\/page\/wp-json\/wp\/v2\/media?parent=725"}],"wp:term":[{"taxonomy":"category","embeddable":true,"href":"http:\/\/adpegroupeschuman.fr\/page\/wp-json\/wp\/v2\/categories?post=725"},{"taxonomy":"post_tag","embeddable":true,"href":"http:\/\/adpegroupeschuman.fr\/page\/wp-json\/wp\/v2\/tags?post=725"}],"curies":[{"name":"wp","href":"https:\/\/api.w.org\/{rel}","templated":true}]}}