{"id":723,"date":"2013-10-18T12:22:17","date_gmt":"2013-10-18T12:22:17","guid":{"rendered":"http:\/\/adpegroupeschuman.fr\/page\/2013\/10\/braderie-2013-suite\/"},"modified":"2013-10-18T12:22:17","modified_gmt":"2013-10-18T12:22:17","slug":"braderie-2013-suite","status":"publish","type":"post","link":"http:\/\/adpegroupeschuman.fr\/page\/2013\/10\/braderie-2013-suite\/","title":{"rendered":"Braderie 2013 suite"},"content":{"rendered":"<p><img loading=\"lazy\" decoding=\"async\" class=\" size-full wp-image-718\" src=\"http:\/\/adpegroupeschuman.fr\/page\/wp-content\/uploads\/2013\/10\/2014_BanBrad2.jpg\" border=\"0\" alt=\"\" width=\"291\" height=\"83\" style=\"display: block; margin-left: auto; margin-right: auto;\" \/> <span style=\"text-decoration: underline;\">\u00e9crit par: Lou-Anne B<\/span><\/p>\n<p>\u00a0<\/p>\n<p>Pour cette 2<sup>\u00e8me<\/sup> \u00e9dition de La Braderie organis\u00e9e par l\u2019ADPE, et malgr\u00e9 le d\u00e9but de la saison hivernale, il y avait \u00e0 nouveau beaucoup de vendeurs.<\/p>\n<p>\u00a0<\/p>\n<p>\u00a0Les \u00e9talages proposaient principalement du mat\u00e9riel pour enfants, mais ce que les enfants ont pr\u00e9f\u00e9r\u00e9s se sont les jouets !!!<\/p>\n<p>\u00a0<\/p>\n<p>Les g\u00e2teaux vendus par les enseignants pour subventionner\u00a0 le voyage des \u00a0classes de CE1\u00a0\u00a0 \u00e9taient tr\u00e8s bons et le petit caf\u00e9 qui les accompagnait tombait bien avec ce froid.\u00a0<\/p>\n<p>\u00a0<\/p>\n<p>Si vous n\u2019avez pas pu vous inscrire cette ann\u00e9e \u00e0 la braderie, nous vous attendons alors plus nombreux pour la prochaine \u00e9dition.<\/p>\n<p>\u00a0<img loading=\"lazy\" decoding=\"async\" class=\" size-full wp-image-719\" src=\"http:\/\/adpegroupeschuman.fr\/page\/wp-content\/uploads\/2013\/10\/2014_Banph1.jpg\" border=\"0\" alt=\"\" width=\"485\" height=\"365\" style=\"display: block; margin-left: auto; margin-right: auto;\" \/><\/p>\n<p><img loading=\"lazy\" decoding=\"async\" class=\" size-full wp-image-720\" src=\"http:\/\/adpegroupeschuman.fr\/page\/wp-content\/uploads\/2013\/10\/2014_Banph2.jpg\" border=\"0\" alt=\"\" width=\"485\" height=\"365\" style=\"display: block; margin-left: auto; margin-right: auto;\" \/><\/p>\n<p><img loading=\"lazy\" decoding=\"async\" class=\" size-full wp-image-721\" src=\"http:\/\/adpegroupeschuman.fr\/page\/wp-content\/uploads\/2013\/10\/2014_Banph3.jpg\" border=\"0\" alt=\"\" width=\"485\" height=\"365\" style=\"display: block; margin-left: auto; margin-right: auto;\" \/><\/p>\n<p><img loading=\"lazy\" decoding=\"async\" class=\" size-full wp-image-722\" src=\"http:\/\/adpegroupeschuman.fr\/page\/wp-content\/uploads\/2013\/10\/2014_Banph4.jpg\" border=\"0\" alt=\"\" width=\"485\" height=\"365\" style=\"display: block; margin-left: auto; margin-right: auto;\" \/><\/p>\n<p>Lien vers l&rsquo;article <a href=\"index.php?option=com_content&amp;view=article&amp;id=76&amp;catid=40&amp;Itemid=133\">Braderie 2013<\/a><\/p>\n","protected":false},"excerpt":{"rendered":"<p>\u00e9crit par: Lou-Anne B \u00a0 Pour cette 2\u00e8me \u00e9dition de La Braderie organis\u00e9e par l\u2019ADPE, et malgr\u00e9 le d\u00e9but de la saison hivernale, il y avait \u00e0 nouveau beaucoup de vendeurs. \u00a0 \u00a0Les \u00e9talages proposaient principalement du mat\u00e9riel pour enfants, &hellip;<\/p>\n<p class=\"read-more\"> <a class=\"more-link\" href=\"http:\/\/adpegroupeschuman.fr\/page\/2013\/10\/braderie-2013-suite\/\"> <span class=\"screen-reader-text\">Braderie 2013 suite<\/span> Read More &raquo;<\/a><\/p>\n","protected":false},"author":1,"featured_media":0,"comment_status":"closed","ping_status":"open","sticky":false,"template":"","format":"standard","meta":{"footnotes":""},"categories":[28],"tags":[],"_links":{"self":[{"href":"http:\/\/adpegroupeschuman.fr\/page\/wp-json\/wp\/v2\/posts\/723"}],"collection":[{"href":"http:\/\/adpegroupeschuman.fr\/page\/wp-json\/wp\/v2\/posts"}],"about":[{"href":"http:\/\/adpegroupeschuman.fr\/page\/wp-json\/wp\/v2\/types\/post"}],"author":[{"embeddable":true,"href":"http:\/\/adpegroupeschuman.fr\/page\/wp-json\/wp\/v2\/users\/1"}],"replies":[{"embeddable":true,"href":"http:\/\/adpegroupeschuman.fr\/page\/wp-json\/wp\/v2\/comments?post=723"}],"version-history":[{"count":0,"href":"http:\/\/adpegroupeschuman.fr\/page\/wp-json\/wp\/v2\/posts\/723\/revisions"}],"wp:attachment":[{"href":"http:\/\/adpegroupeschuman.fr\/page\/wp-json\/wp\/v2\/media?parent=723"}],"wp:term":[{"taxonomy":"category","embeddable":true,"href":"http:\/\/adpegroupeschuman.fr\/page\/wp-json\/wp\/v2\/categories?post=723"},{"taxonomy":"post_tag","embeddable":true,"href":"http:\/\/adpegroupeschuman.fr\/page\/wp-json\/wp\/v2\/tags?post=723"}],"curies":[{"name":"wp","href":"https:\/\/api.w.org\/{rel}","templated":true}]}}