{"id":717,"date":"2013-10-05T12:32:50","date_gmt":"2013-10-05T12:32:50","guid":{"rendered":"http:\/\/adpegroupeschuman.fr\/page\/2013\/10\/sept2013\/"},"modified":"2013-10-05T12:32:50","modified_gmt":"2013-10-05T12:32:50","slug":"sept2013","status":"publish","type":"post","link":"http:\/\/adpegroupeschuman.fr\/page\/2013\/10\/sept2013\/","title":{"rendered":"Activit\u00e9s grande  et moyenne section"},"content":{"rendered":"<p class=\"Standard\" style=\"text-align: left;\"><span style=\"font-size: xx-small;\"><em><span style=\"text-decoration: underline;\">Classe de grande section de Mr Gotainer <\/span><\/em><\/span><\/p>\n<p class=\"Standard\" style=\"text-align: left;\"><span style=\"font-size: xx-small;\"><em><span style=\"text-decoration: underline;\">Classe de moyenne section et de grande section de Madame Leroy<\/span><\/em><\/span><\/p>\n<p class=\"Standard\"><strong><span style=\"text-decoration: underline;\"><span style=\"color: #0000ff; text-decoration: underline; font-size: medium;\">\u00a0<\/span><\/span><\/strong><\/p>\n<p class=\"Standard\" style=\"text-align: center;\"><strong><span style=\"text-decoration: underline;\"><span style=\"color: #0000ff; text-decoration: underline; font-size: medium;\">Septembre 2013<\/span><br \/><\/span><\/strong><\/p>\n<p class=\"Standard\">\u00a0<\/p>\n<p class=\"Standard\">\u00a0<\/p>\n<p class=\"Standard\"><span style=\"font-size: small;\">Nous\u00a0 allons travailler sur le th\u00e8me de l&rsquo;environnement, de la nature et du jardin.<\/span><\/p>\n<p class=\"Standard\"><span style=\"font-size: small;\">Voici quelques fleurs r\u00e9alis\u00e9es en peinture et en collage en ce d\u00e9but d&rsquo;ann\u00e9e !<\/span><\/p>\n<p class=\"Standard\" style=\"text-align: center;\"><strong><span style=\"text-decoration: underline;\"><strong><span style=\"text-decoration: underline;\"><img loading=\"lazy\" decoding=\"async\" class=\" size-full wp-image-714\" src=\"http:\/\/adpegroupeschuman.fr\/page\/wp-content\/uploads\/2013\/10\/2013_Articles2013_img1_Leroysept2013.jpg\" border=\"0\" alt=\"\" width=\"0\" height=\"0\" \/><\/span><\/strong><\/span><\/strong><\/p>\n<p class=\"Standard\" style=\"text-align: center;\">\u00a0<\/p>\n<p class=\"Standard\"><span style=\"font-size: small;\">La liaison GRANDE SECTION \/ CP sera cette ann\u00e9e bas\u00e9e sur ce th\u00e8me et diff\u00e9rents \u00e9changes entre les\u00a0 classes seront organis\u00e9s.<\/span><\/p>\n<p class=\"Standard\" style=\"text-align: center;\"><span style=\"font-size: small;\">\u00a0<\/span><\/p>\n<p class=\"Standard\"><span style=\"font-size: small;\">Les \u00e9l\u00e8ves de GS et de CP se rencontreront pour \u00e9changer les comptes-rendus de diff\u00e9rentes exp\u00e9riences, pour cuisiner les l\u00e9gumes des jardins p\u00e9dagogiques, pour travailler \u00e0 partir d&rsquo;albums communs&#8230;..<\/span><\/p>\n<p class=\"Standard\" style=\"text-align: center;\"><span style=\"font-size: small;\">\u00a0<\/span><\/p>\n<p class=\"Standard\"><span style=\"font-size: small;\">Le mardi matin, nous allons en sport \u00e0 la salle des peupliers.<\/span><\/p>\n<p class=\"Standard\"><span style=\"font-size: small;\">Nous suivons un parcours avec diff\u00e9rents ateliers.<\/span><\/p>\n<p class=\"Standard\"><img loading=\"lazy\" decoding=\"async\" class=\" size-full wp-image-715\" src=\"http:\/\/adpegroupeschuman.fr\/page\/wp-content\/uploads\/2013\/10\/2013_Articles2013_img2_Leroysept2013.jpg\" border=\"0\" alt=\"\" width=\"699\" height=\"297\" \/><\/p>\n<p class=\"Standard\">\u00a0<img loading=\"lazy\" decoding=\"async\" class=\" size-full wp-image-716\" src=\"http:\/\/adpegroupeschuman.fr\/page\/wp-content\/uploads\/2013\/10\/2013_Articles2013_img3_Leroysept2013.jpg\" border=\"0\" alt=\"\" width=\"606\" height=\"276\" \/><\/p>\n","protected":false},"excerpt":{"rendered":"<p>Classe de grande section de Mr Gotainer Classe de moyenne section et de grande section de Madame Leroy \u00a0 Septembre 2013 \u00a0 \u00a0 Nous\u00a0 allons travailler sur le th\u00e8me de l&rsquo;environnement, de la nature et du jardin. Voici quelques fleurs &hellip;<\/p>\n<p class=\"read-more\"> <a class=\"more-link\" href=\"http:\/\/adpegroupeschuman.fr\/page\/2013\/10\/sept2013\/\"> <span class=\"screen-reader-text\">Activit\u00e9s grande  et moyenne section<\/span> Read More &raquo;<\/a><\/p>\n","protected":false},"author":1,"featured_media":0,"comment_status":"closed","ping_status":"open","sticky":false,"template":"","format":"standard","meta":{"footnotes":""},"categories":[8],"tags":[],"_links":{"self":[{"href":"http:\/\/adpegroupeschuman.fr\/page\/wp-json\/wp\/v2\/posts\/717"}],"collection":[{"href":"http:\/\/adpegroupeschuman.fr\/page\/wp-json\/wp\/v2\/posts"}],"about":[{"href":"http:\/\/adpegroupeschuman.fr\/page\/wp-json\/wp\/v2\/types\/post"}],"author":[{"embeddable":true,"href":"http:\/\/adpegroupeschuman.fr\/page\/wp-json\/wp\/v2\/users\/1"}],"replies":[{"embeddable":true,"href":"http:\/\/adpegroupeschuman.fr\/page\/wp-json\/wp\/v2\/comments?post=717"}],"version-history":[{"count":0,"href":"http:\/\/adpegroupeschuman.fr\/page\/wp-json\/wp\/v2\/posts\/717\/revisions"}],"wp:attachment":[{"href":"http:\/\/adpegroupeschuman.fr\/page\/wp-json\/wp\/v2\/media?parent=717"}],"wp:term":[{"taxonomy":"category","embeddable":true,"href":"http:\/\/adpegroupeschuman.fr\/page\/wp-json\/wp\/v2\/categories?post=717"},{"taxonomy":"post_tag","embeddable":true,"href":"http:\/\/adpegroupeschuman.fr\/page\/wp-json\/wp\/v2\/tags?post=717"}],"curies":[{"name":"wp","href":"https:\/\/api.w.org\/{rel}","templated":true}]}}