{"id":710,"date":"2013-06-02T19:11:54","date_gmt":"2013-06-02T19:11:54","guid":{"rendered":"http:\/\/adpegroupeschuman.fr\/page\/2013\/06\/rallye-inter-ecoles-2013-suite\/"},"modified":"2013-06-02T19:11:54","modified_gmt":"2013-06-02T19:11:54","slug":"rallye-inter-ecoles-2013-suite","status":"publish","type":"post","link":"http:\/\/adpegroupeschuman.fr\/page\/2013\/06\/rallye-inter-ecoles-2013-suite\/","title":{"rendered":"Rallye Inter Ecoles 2013 suite"},"content":{"rendered":"<p>\u00a0<\/p>\n<p style=\"text-align: center;\"><img loading=\"lazy\" decoding=\"async\" class=\" size-full wp-image-705\" src=\"http:\/\/adpegroupeschuman.fr\/page\/wp-content\/uploads\/2013\/06\/2013_coupev2.jpg\" border=\"0\" width=\"294\" height=\"276\" \/><\/p>\n<p>\u00a0<\/p>\n<p><span style=\"font-size: medium;\">Merci \u00e0 tous les enfants de votre participation au rallye         Inter-\u00e9coles ! Vous avez tous fait preuve d&rsquo;un remarquable esprit         de comp\u00e9tition et d&rsquo;\u00e9change.<br \/> Merci aux parents accompagnateurs, aux membres de toutes les Associations partenaires, et la mairie pour son soutien.<\/span><\/p>\n<p><span style=\"font-size: medium;\"><br \/> Bravo aux \u00e9quipes du podium : <\/span><\/p>\n<p><span style=\"font-size: medium;\">M\u00e9daille de bronze Les Smileys Ecole Curie-Ferry<br \/><\/span><\/p>\n<p><img loading=\"lazy\" decoding=\"async\" class=\" size-full wp-image-706\" src=\"http:\/\/adpegroupeschuman.fr\/page\/wp-content\/uploads\/2013\/06\/2013_Rallye2013_Smileys.jpg\" border=\"0\" width=\"603\" height=\"404\" \/><\/p>\n<p><span style=\"font-size: medium;\">M\u00e9daille d&rsquo;argent Les Lillois <\/span><span style=\"font-size: medium;\">Coll\u00e8ge Jean-Moulin<\/span><\/p>\n<p><img loading=\"lazy\" decoding=\"async\" class=\" size-full wp-image-707\" src=\"http:\/\/adpegroupeschuman.fr\/page\/wp-content\/uploads\/2013\/06\/2013_Rallye2013_Lillois.jpg\" border=\"0\" width=\"601\" height=\"403\" \/><\/p>\n<p>\u00a0<\/p>\n<p><span style=\"font-size: medium;\">M\u00e9daille d&rsquo;or <\/span><span style=\"font-size: medium;\">Les stroumphettes <\/span><span style=\"font-size: medium;\">Ecole Peuplier<\/span><\/p>\n<p><span style=\"font-size: medium;\"><img loading=\"lazy\" decoding=\"async\" class=\" size-full wp-image-708\" src=\"http:\/\/adpegroupeschuman.fr\/page\/wp-content\/uploads\/2013\/06\/2013_Rallye2013_Stroumphettes.jpg\" border=\"0\" width=\"604\" height=\"414\" \/><br \/><\/span><\/p>\n<p><span style=\"font-size: medium;\"> <\/span><\/p>\n<p><span style=\"font-size: medium;\"><br \/> Rendez-vous l&rsquo;ann\u00e9e prochaine !<\/span><\/p>\n<p style=\"text-align: center;\"><a href=\"https:\/\/plus.google.com\/u\/0\/117030441290902588760\/posts\" title=\"Galerie Photos\"><span style=\"font-size: medium;\"><img loading=\"lazy\" decoding=\"async\" class=\" size-full wp-image-709\" src=\"http:\/\/adpegroupeschuman.fr\/page\/wp-content\/uploads\/2013\/06\/2013_Rallye2013_galeriePhotos.jpg\" border=\"0\" width=\"200\" height=\"181\" \/><\/span><\/a><\/p>\n<p style=\"text-align: center;\"><span style=\"font-size: medium;\"><a href=\"https:\/\/plus.google.com\/u\/0\/117030441290902588760\/posts\" title=\"Galerie Photos\">Galerie Photos<\/a><br \/><\/span><\/p>\n","protected":false},"excerpt":{"rendered":"<p>\u00a0 \u00a0 Merci \u00e0 tous les enfants de votre participation au rallye Inter-\u00e9coles ! Vous avez tous fait preuve d&rsquo;un remarquable esprit de comp\u00e9tition et d&rsquo;\u00e9change. Merci aux parents accompagnateurs, aux membres de toutes les Associations partenaires, et la mairie &hellip;<\/p>\n<p class=\"read-more\"> <a class=\"more-link\" href=\"http:\/\/adpegroupeschuman.fr\/page\/2013\/06\/rallye-inter-ecoles-2013-suite\/\"> <span class=\"screen-reader-text\">Rallye Inter Ecoles 2013 suite<\/span> Read More &raquo;<\/a><\/p>\n","protected":false},"author":1,"featured_media":0,"comment_status":"closed","ping_status":"open","sticky":false,"template":"","format":"standard","meta":{"footnotes":""},"categories":[27],"tags":[],"_links":{"self":[{"href":"http:\/\/adpegroupeschuman.fr\/page\/wp-json\/wp\/v2\/posts\/710"}],"collection":[{"href":"http:\/\/adpegroupeschuman.fr\/page\/wp-json\/wp\/v2\/posts"}],"about":[{"href":"http:\/\/adpegroupeschuman.fr\/page\/wp-json\/wp\/v2\/types\/post"}],"author":[{"embeddable":true,"href":"http:\/\/adpegroupeschuman.fr\/page\/wp-json\/wp\/v2\/users\/1"}],"replies":[{"embeddable":true,"href":"http:\/\/adpegroupeschuman.fr\/page\/wp-json\/wp\/v2\/comments?post=710"}],"version-history":[{"count":0,"href":"http:\/\/adpegroupeschuman.fr\/page\/wp-json\/wp\/v2\/posts\/710\/revisions"}],"wp:attachment":[{"href":"http:\/\/adpegroupeschuman.fr\/page\/wp-json\/wp\/v2\/media?parent=710"}],"wp:term":[{"taxonomy":"category","embeddable":true,"href":"http:\/\/adpegroupeschuman.fr\/page\/wp-json\/wp\/v2\/categories?post=710"},{"taxonomy":"post_tag","embeddable":true,"href":"http:\/\/adpegroupeschuman.fr\/page\/wp-json\/wp\/v2\/tags?post=710"}],"curies":[{"name":"wp","href":"https:\/\/api.w.org\/{rel}","templated":true}]}}