{"id":698,"date":"2013-03-23T16:47:34","date_gmt":"2013-03-23T16:47:34","guid":{"rendered":"http:\/\/adpegroupeschuman.fr\/page\/2013\/03\/rallye-inter-ecoles-2013\/"},"modified":"2015-09-18T10:15:58","modified_gmt":"2015-09-18T10:15:58","slug":"rallye-inter-ecoles-2013","status":"publish","type":"post","link":"http:\/\/adpegroupeschuman.fr\/page\/2013\/03\/rallye-inter-ecoles-2013\/","title":{"rendered":"Rallye Inter Ecoles 2013"},"content":{"rendered":"<p style=\"text-align: right;\"><span style=\"color: #99cc00;\"><span style=\"font-size: large;\"><strong><span style=\"text-decoration: underline;\"><span style=\"font-size: x-small;\">(mise \u00e0 jour 24 mai 2013)<\/span><\/span><\/strong><\/span><\/span><\/p>\n<p style=\"text-align: center;\"><span style=\"font-size: medium;\"><img loading=\"lazy\" decoding=\"async\" class=\" size-full wp-image-689\" src=\"http:\/\/adpegroupeschuman.fr\/page\/wp-content\/uploads\/2013\/03\/2013_RallyeInterEcoles2013.jpg\" alt=\"\" width=\"581\" height=\"214\" border=\"0\" \/><\/span><\/p>\n<p style=\"text-align: center;\"><span style=\"font-size: medium;\"><span style=\"color: #ff0000;\">Merci aux associations souhaitant participer de nous contacter \u00e0 l&rsquo;adresse suivante :<\/span><\/span><\/p>\n<p style=\"text-align: center;\"><span style=\"font-size: medium;\"> <span style=\"color: #99cc00;\"><strong>bureau@adpegroupeschuman.fr<\/strong><\/span><\/span><\/p>\n<p style=\"text-align: center;\"><span style=\"font-size: medium;\"><strong><span style=\"color: #ff0000;\">\u00a0<\/span><\/strong><\/span><\/p>\n<p style=\"text-align: center;\"><span style=\"font-size: large;\"><span style=\"color: #99cc00;\"><strong><span style=\"color: #0000ff;\">Pr\u00e9sentation du projet<\/span><\/strong><\/span><\/span><\/p>\n<p style=\"text-align: center;\">\n<span style=\"font-family: Trebuchet MS;\">(Programme non d\u00e9finitif et sujet \u00e0 modification)<\/span><\/p>\n<p style=\"text-align: center;\"><span style=\"font-size: large;\"><span style=\"color: #99cc00;\"><strong><span style=\"color: #0000ff;\"><a title=\"Diaporama Pr\u00e9sentation 22\/03\/2013\" href=\"http:\/\/adpegroupeschuman.fr\/page\/wp-content\/uploads\/2013\/03\/.._Documents_Rallye2013_DiapoPresrallye0313.pdf\" target=\"_blank\"><img loading=\"lazy\" decoding=\"async\" class=\" size-full wp-image-691\" src=\"http:\/\/adpegroupeschuman.fr\/page\/wp-content\/uploads\/2013\/03\/imgdiapo.png\" alt=\"\" width=\"147\" height=\"147\" border=\"0\" \/><\/a><br \/>\n<\/span><\/strong><\/span><\/span><\/p>\n<p align=\"center\"><span style=\"font-family: arial,helvetica,sans-serif;\"><span style=\"font-size: medium;\"><span style=\"color: #99cc00;\"><strong><span style=\"text-decoration: underline;\">\u00a0<\/span><\/strong><\/span><\/span><\/span><\/p>\n<p>&nbsp;<\/p>\n<p><span style=\"font-family: arial,helvetica,sans-serif;\"><span style=\"font-size: medium;\">L\u2019objectif du projet de Rallye inter-\u00e9coles est de permettre une rencontre et de r\u00e9aliser une passerelle entre les futurs coll\u00e9giens avant leur rentr\u00e9e scolaire de septembre 2013 avec les coll\u00e9giens actuels.<\/span><\/span><\/p>\n<p><span style=\"font-family: arial,helvetica,sans-serif;\"><span style=\"font-size: medium;\">\u00a0<\/span><\/span><\/p>\n<p>&nbsp;<\/p>\n<p>&nbsp;<\/p>\n<p>&nbsp;<\/p>\n<p><span style=\"font-family: arial,helvetica,sans-serif;\"><span style=\"font-size: medium;\">Le projet est propos\u00e9 aux \u00e9l\u00e8ves de CM2et de\u00a0 6\u00e8me \u00a0de toutes les \u00e9coles de Saint Andr\u00e9 (Curie Ferry, Les Peupliers, La Cessoie , Saint Joseph et Jean-Moulin), en lien avec les diff\u00e9rentes associations de parents d\u2019\u00e9l\u00e8ves.<\/span><\/span><\/p>\n<p><span style=\"font-family: arial,helvetica,sans-serif;\"><span style=\"font-size: medium;\">\u00a0<\/span><\/span><\/p>\n<p>&nbsp;<\/p>\n<p>&nbsp;<\/p>\n<p>&nbsp;<\/p>\n<p><span style=\"font-family: arial,helvetica,sans-serif;\"><span style=\"font-size: medium;\">L\u2019organisation de cette journ\u00e9e sera assur\u00e9e par\u00a0 l\u2019ADPE groupe Schuman dans le cadre d\u2019un projet pr\u00e9sent\u00e9 au Plan Educatif Local. Ce projet est r\u00e9alis\u00e9 en lien avec la commune, l\u2019inspection acad\u00e9mique et l\u2019\u00e9cole Curie Ferry.<\/span><\/span><\/p>\n<p><span style=\"font-family: arial,helvetica,sans-serif;\"><span style=\"font-size: medium;\">\u00a0<\/span><\/span><\/p>\n<p>&nbsp;<\/p>\n<p>&nbsp;<\/p>\n<p>&nbsp;<\/p>\n<p><span style=\"font-family: arial,helvetica,sans-serif;\"><span style=\"font-size: medium;\">Il est propos\u00e9 au groupe scolaire Schuman d\u2019adjoindre ce projet \u00e0 une autre fiche action propos\u00e9e dans le cadre du PEL, en profitant de la r\u00e9alisation d\u2019ateliers par les \u00e9l\u00e8ves du groupe scolaire dans le cadre de ce projet. L\u2019atelier cr\u00e9\u00e9 par les \u00e9l\u00e8ves sera propos\u00e9 le samedi matin dans le d\u00e9roulement du rallye.<\/span><\/span><\/p>\n<p><span style=\"color: #0000ff;\"><span style=\"font-size: medium;\">\u00a0<\/span><\/span><\/p>\n<p>&nbsp;<\/p>\n<p style=\"text-align: center;\"><span style=\"color: #0000ff;\"><span style=\"font-size: large;\"><strong><span style=\"text-decoration: underline;\">Programme de la journ\u00e9e<br \/>\n<\/span><\/strong><\/span><\/span><\/p>\n<p style=\"text-align: center;\">\n<p style=\"text-align: center;\"><span style=\"color: #99cc00;\"><span style=\"font-size: large;\"><strong><span style=\"text-decoration: underline;\">\u00a0<\/span><\/strong><\/span><\/span><\/p>\n<p><span style=\"font-family: arial,helvetica,sans-serif;\"><span style=\"font-size: medium;\">9h00\u00a0\u00a0\u00a0\u00a0\u00a0 Accueil des participants et c\u00e9r\u00e9monie d\u2019Ouverture<\/span><\/span><\/p>\n<p>&nbsp;<\/p>\n<p>&nbsp;<\/p>\n<p>&nbsp;<\/p>\n<ul>\n<li><span style=\"font-family: arial,helvetica,sans-serif;\"><span style=\"font-size: medium;\">Pr\u00e9sentation de la journ\u00e9e et des jurys<\/span><\/span><\/li>\n<li><span style=\"font-family: arial,helvetica,sans-serif;\"><span style=\"font-size: medium;\">Pr\u00e9sentation du r\u00e8glement<\/span><\/span><\/li>\n<li><span style=\"font-family: arial,helvetica,sans-serif;\"><span style=\"font-size: medium;\">Pr\u00e9sentation des \u00e9quipes <\/span><\/span><\/li>\n<li>\n<ul>\n<li><span style=\"font-family: arial,helvetica,sans-serif;\"><span style=\"font-size: medium;\">Distribution des T-shirts (une couleur par \u00e9quipe)<\/span><\/span><\/li>\n<li><span style=\"font-family: arial,helvetica,sans-serif;\"><span style=\"font-size: medium;\">Distribution de la feuille de route<\/span><\/span><\/li>\n<li><span style=\"font-family: arial,helvetica,sans-serif;\"><span style=\"font-size: medium;\">Remise \u00e0 chaque groupe de la fiche de r\u00e9sultat<\/span><\/span><\/li>\n<li><span style=\"font-family: arial,helvetica,sans-serif;\"><span style=\"font-size: medium;\">Premi\u00e8re \u00e9preuve sur le site<\/span><\/span><\/li>\n<\/ul>\n<\/li>\n<\/ul>\n<p>&nbsp;<\/p>\n<p>&nbsp;<\/p>\n<p>&nbsp;<\/p>\n<p><span style=\"font-family: arial,helvetica,sans-serif;\"><span style=\"font-size: medium;\">10h00 \u2013 12 h00 Participation aux ateliers<\/span><\/span><\/p>\n<p>&nbsp;<\/p>\n<p>&nbsp;<\/p>\n<p>&nbsp;<\/p>\n<p><span style=\"font-family: arial,helvetica,sans-serif;\"><span style=\"font-size: medium;\">12h00 \u2013 13h00 Repas<\/span><\/span><\/p>\n<p>&nbsp;<\/p>\n<p>&nbsp;<\/p>\n<p>&nbsp;<\/p>\n<p><span style=\"font-family: arial,helvetica,sans-serif;\"><span style=\"font-size: medium;\">13h00 \u2013 16h30 Participation\u00a0 aux ateliers<\/span><\/span><\/p>\n<p>&nbsp;<\/p>\n<p>&nbsp;<\/p>\n<p>&nbsp;<\/p>\n<p><span style=\"font-family: arial,helvetica,sans-serif;\"><span style=\"font-size: medium;\">17h00 Ultime \u00e9preuve<\/span><\/span><\/p>\n<p>&nbsp;<\/p>\n<p>&nbsp;<\/p>\n<p>&nbsp;<\/p>\n<p><span style=\"font-family: arial,helvetica,sans-serif;\"><span style=\"font-size: medium;\">Classement, remise de r\u00e9compense et C\u00e9r\u00e9monie de cl\u00f4ture.<\/span><\/span><\/p>\n<p>&nbsp;<\/p>\n<p>&nbsp;<\/p>\n<p><span style=\"font-size: medium;\">\u00a0<\/span><\/p>\n<p style=\"text-align: center;\"><span style=\"text-decoration: underline;\"><strong><span style=\"color: #0000ff;\"><span style=\"font-size: large;\">Les participants (enfant et encadrants)<\/span><\/span><\/strong><\/span><\/p>\n<p style=\"text-align: center;\"><span style=\"font-family: courier new,courier;\"><span style=\"text-decoration: underline;\"><strong><span style=\"color: #0000ff;\"><span style=\"font-size: large;\">\u00a0<\/span><\/span><\/strong><\/span><\/span><\/p>\n<p>&nbsp;<\/p>\n<p>&nbsp;<\/p>\n<p><span style=\"font-family: arial,helvetica,sans-serif;\"><span style=\"font-size: medium;\">Chaque \u00e9cole sera destinataire du projet propos\u00e9 par l\u2019ADPE .Les associations de parents d\u2019\u00e9l\u00e8ves se chargeront de relayer le projet dans leur \u00e9cole, de distribuer et de collecter les fiches d\u2019inscriptions des \u00e9l\u00e8ves.<\/span><\/span><\/p>\n<p><span style=\"font-family: arial,helvetica,sans-serif;\"><span style=\"font-size: medium;\">\u00a0<\/span><\/span><\/p>\n<p>&nbsp;<\/p>\n<p>&nbsp;<\/p>\n<p>&nbsp;<\/p>\n<p><span style=\"font-family: arial,helvetica,sans-serif;\"><span style=\"font-size: medium;\">Les fiches seront transmises aux \u00e9coles le 5 avril 2013.Les enfants pourront ainsi pr\u00e9voir leur participation, la cr\u00e9ation de leur \u00e9quipe de 6 enfants, ainsi que le nom qu\u2019ils lui donneront. Un maximum de 16 \u00e9quipes sera constitu\u00e9.<\/span><\/span><\/p>\n<p><span style=\"font-family: arial,helvetica,sans-serif;\"><span style=\"font-size: medium;\">\u00a0<\/span><\/span><\/p>\n<p>&nbsp;<\/p>\n<p>&nbsp;<\/p>\n<p>&nbsp;<\/p>\n<p><span style=\"font-family: arial,helvetica,sans-serif;\"><span style=\"font-size: medium;\">Les fiches d\u2019inscription devront \u00eatre retourn\u00e9es dument compl\u00e9t\u00e9es \u00a0au plus tard pour le 12avril 2013 \u00e0 l\u2019ADPE. Les \u00e9quipes pourront \u00eatre compl\u00e9t\u00e9es le cas \u00e9ch\u00e9ant avec des enfants d\u2019autres \u00e9coles.<\/span><\/span><\/p>\n<p><span style=\"font-family: arial,helvetica,sans-serif;\"><span style=\"font-size: medium;\">\u00a0<\/span><\/span><\/p>\n<p>&nbsp;<\/p>\n<p>&nbsp;<\/p>\n<p>&nbsp;<\/p>\n<p><span style=\"font-family: arial,helvetica,sans-serif;\"><span style=\"font-size: medium;\">Ce projet a pour objectif de faire participer les \u00e9l\u00e8ves de CM2et 6<sup>\u00e8me<\/sup>, mais \u00e9galement de solliciter la participation de leurs proches pour l\u2019encadrement. En effet, la participation d\u2019au moins un adulte par \u00e9quipe sera n\u00e9cessaire pour l\u2019encadrement du groupe.<\/span><\/span><\/p>\n<p><span style=\"font-family: arial,helvetica,sans-serif;\"><span style=\"font-size: medium;\">\u00a0<\/span><\/span><\/p>\n<p>&nbsp;<\/p>\n<p>&nbsp;<\/p>\n<p>&nbsp;<\/p>\n<p><span style=\"font-family: arial,helvetica,sans-serif;\"><span style=\"font-size: medium;\">L\u2019inscription des enfants et des encadrants \u00e9quivaut \u00e0 un engagement moral \u00e0 respecter par la pr\u00e9sence le jour de la manifestation.<\/span><\/span><\/p>\n<p><span style=\"font-size: medium;\">\u00a0<\/span><\/p>\n<p style=\"text-align: center;\"><strong><span style=\"text-decoration: underline;\"><span style=\"color: #3366ff;\"><span style=\"font-size: large;\">Les associations partenaires<\/span><\/span><\/span><\/strong><\/p>\n<p style=\"text-align: center;\"><strong><span style=\"text-decoration: underline;\"><span style=\"color: #3366ff;\"><span style=\"font-size: large;\">\u00a0<\/span><\/span><\/span><\/strong><\/p>\n<p><span style=\"font-family: arial,helvetica,sans-serif;\"><span style=\"font-size: medium;\">Les diff\u00e9rentes associations de Saint-Andr\u00e9 sont sollicit\u00e9es pour animer un atelier sur un cr\u00e9neau minimum de 1h30, \u00e0 d\u00e9finir dans la journ\u00e9e en fonction de ses disponibilit\u00e9s. Pour un bon d\u00e9roulement de la journ\u00e9e un minimum de 10 ateliers est n\u00e9cessaire. L\u2019objectif est de proposer des ateliers les plus vari\u00e9s possibles.<\/span><\/span><\/p>\n<p><span style=\"font-family: arial,helvetica,sans-serif;\"><span style=\"font-size: medium;\">\u00a0<\/span><\/span><\/p>\n<p>&nbsp;<\/p>\n<p>&nbsp;<\/p>\n<p>&nbsp;<\/p>\n<p><span style=\"font-family: arial,helvetica,sans-serif;\"><span style=\"font-size: medium;\">La confirmation de la participation de l\u2019association pour que puisse \u00eatre d\u00e9crit l\u2019\u00e9preuve qu\u2019elle propose et le cr\u00e9neau horaire sur lequel \u00a0elle peut l\u2019organiser. La fiche atelier d\u00fbment compl\u00e9t\u00e9e par l\u2019association sera ensuite \u00e0 transmettre pour le 8 avril 2013.<\/span><\/span><\/p>\n<p><span style=\"font-family: arial,helvetica,sans-serif;\"><span style=\"font-size: medium;\">\u00a0<\/span><\/span><\/p>\n<p>&nbsp;<\/p>\n<p>&nbsp;<\/p>\n<p>&nbsp;<\/p>\n<p><span style=\"font-family: arial,helvetica,sans-serif;\"><span style=\"font-size: medium;\">Chaque association aura \u00e0 prendre en charge les diff\u00e9rents groupes pour leur faire r\u00e9aliser l\u2019\u00e9preuve cr\u00e9\u00e9e.<\/span><\/span><\/p>\n<p><span style=\"font-size: medium;\">\u00a0<\/span><\/p>\n<p style=\"text-align: center;\"><span style=\"text-decoration: underline;\"><strong><span style=\"color: #3366ff;\"><span style=\"font-size: large;\">Le r\u00f4le de l\u2019ADPE<\/span><\/span><\/strong><\/span><\/p>\n<p style=\"text-align: center;\"><span style=\"font-family: arial,helvetica,sans-serif;\">\u00a0<\/span><\/p>\n<p>&nbsp;<\/p>\n<p>&nbsp;<\/p>\n<p><span style=\"font-family: arial,helvetica,sans-serif;\"><span style=\"font-size: medium;\">L\u2019ADPE propose cette action \u00e0 diff\u00e9rents partenaires associatifs, et notamment aux associations de parents d\u2019\u00e9l\u00e8ves des autres \u00e9coles de Saint-Andr\u00e9. Cette journ\u00e9e ne pourra se d\u00e9rouler sans le soutien d\u2019autres associations.<\/span><\/span><\/p>\n<p><span style=\"font-family: arial,helvetica,sans-serif;\"><span style=\"font-size: medium;\">\u00a0<\/span><\/span><\/p>\n<p>&nbsp;<\/p>\n<p>&nbsp;<\/p>\n<p>&nbsp;<\/p>\n<p><span style=\"font-family: arial,helvetica,sans-serif;\"><span style=\"font-size: medium;\">L\u2019ADPE recensera les participants et \u00e9tablira le planning de la journ\u00e9e, sur la base des fiches projets recueillies. Un jury sera constitu\u00e9 avec la participation des diff\u00e9rents intervenants sollicit\u00e9s par l\u2019ADPE.<\/span><\/span><\/p>\n<p><span style=\"font-family: arial,helvetica,sans-serif;\"><span style=\"font-size: medium;\">\u00a0<\/span><\/span><\/p>\n<p>&nbsp;<\/p>\n<p>&nbsp;<\/p>\n<p>&nbsp;<\/p>\n<p><span style=\"font-family: arial,helvetica,sans-serif;\"><span style=\"font-size: medium;\">L\u2019ADPE prendra en charge \u00e9galement, en lien avec la mairie, l\u2019organisation de la c\u00e9r\u00e9monie d\u2019ouverture, des repas et collations, et de la c\u00e9r\u00e9monie de cl\u00f4ture.<\/span><\/span><\/p>\n<p><span style=\"font-family: arial,helvetica,sans-serif;\"><span style=\"font-size: medium;\">\u00a0<\/span><\/span><\/p>\n<p>&nbsp;<\/p>\n<p>&nbsp;<\/p>\n<p>&nbsp;<\/p>\n<p><span style=\"font-family: arial,helvetica,sans-serif;\"><span style=\"font-size: medium;\">Une pr\u00e9sentation de l\u2019organisation g\u00e9n\u00e9rale de la manifestation se d\u00e9roulera le 3 mai 2013(pr\u00e9sentation des associations partenaires, nombre de participants, r\u00f4le de chacun, cadre de la journ\u00e9e, \u2026)<\/span><\/span><\/p>\n<p style=\"text-align: center;\">\n<p>&nbsp;<\/p>\n<p>&nbsp;<\/p>\n<p>&nbsp;<\/p>\n<p style=\"text-align: center;\"><span style=\"font-size: medium;\"><span style=\"color: #0000ff;\"><span style=\"text-decoration: underline;\"><strong><span style=\"font-size: large;\">Les diff\u00e9rentes fiches<\/span><\/strong><\/span><\/span><\/span><\/p>\n<p style=\"text-align: center;\"><span style=\"font-size: medium;\"><span style=\"color: #0000ff;\"> <span style=\"text-decoration: underline;\"><strong><span style=\"font-size: large;\"><br \/>\n<\/span><\/strong><\/span><\/span><\/span><\/p>\n<p style=\"text-align: center;\"><span style=\"font-size: medium;\"><span style=\"color: #0000ff;\"><span style=\"text-decoration: underline;\"><strong><span style=\"font-size: large;\">\u00a0<\/span><\/strong><\/span><\/span><\/span><\/p>\n<table border=\"0\">\n<tbody>\n<tr>\n<td><span style=\"font-size: medium;\"><span style=\"color: #0000ff;\"><span style=\"text-decoration: underline;\"><strong><span style=\"font-size: large;\"><img loading=\"lazy\" decoding=\"async\" class=\"alignnone  wp-image-910\" src=\"http:\/\/adpegroupeschuman.fr\/page\/wp-content\/uploads\/2015\/04\/Icone_pdf-150x150.png\" alt=\"Icone_pdf\" width=\"101\" height=\"101\" \/><\/span><\/strong><\/span><\/span><\/span><\/p>\n<p>&nbsp;<\/td>\n<td><span style=\"font-size: medium;\"><span style=\"color: #0000ff;\">Fiche Ecoles<\/span><\/span><\/td>\n<\/tr>\n<tr>\n<td><span style=\"font-size: medium;\"><span style=\"color: #0000ff;\"><span style=\"text-decoration: underline;\"><strong><span style=\"font-size: large;\"><img loading=\"lazy\" decoding=\"async\" class=\"alignnone  wp-image-910\" src=\"http:\/\/adpegroupeschuman.fr\/page\/wp-content\/uploads\/2015\/04\/Icone_pdf-150x150.png\" alt=\"Icone_pdf\" width=\"101\" height=\"101\" \/><\/span><\/strong><\/span><\/span><\/span><\/p>\n<p>&nbsp;<\/td>\n<td><span style=\"font-size: medium;\"><span style=\"color: #0000ff;\">Fiche Raider<\/span><\/span><\/td>\n<\/tr>\n<tr>\n<td><span style=\"font-size: medium;\"><span style=\"color: #0000ff;\"><span style=\"text-decoration: underline;\"><strong><span style=\"font-size: large;\"><img loading=\"lazy\" decoding=\"async\" class=\"alignnone  wp-image-910\" src=\"http:\/\/adpegroupeschuman.fr\/page\/wp-content\/uploads\/2015\/04\/Icone_pdf-150x150.png\" alt=\"Icone_pdf\" width=\"101\" height=\"101\" \/><\/span><\/strong><\/span><\/span><\/span><\/p>\n<p>&nbsp;<\/td>\n<td><span style=\"font-size: medium;\"><span style=\"color: #0000ff;\">Fiche Parrain \/ Marraine<br \/>\n<\/span><\/span><\/td>\n<\/tr>\n<tr>\n<td><span style=\"font-size: medium;\"><span style=\"color: #0000ff;\"><span style=\"text-decoration: underline;\"><strong><span style=\"font-size: large;\">\u00a0<\/span><\/strong><\/span><\/span><\/span><\/p>\n<p><strong><span style=\"font-size: large;\"><img loading=\"lazy\" decoding=\"async\" class=\"alignnone  wp-image-910\" src=\"http:\/\/adpegroupeschuman.fr\/page\/wp-content\/uploads\/2015\/04\/Icone_pdf-150x150.png\" alt=\"Icone_pdf\" width=\"101\" height=\"101\" \/><\/span><\/strong><\/td>\n<td><span style=\"font-size: medium;\"><span style=\"color: #0000ff;\">Fiche proposition Atelier<\/span><\/span><\/p>\n<p><span style=\"font-size: medium;\"><span style=\"color: #0000ff;\"><span style=\"font-size: small;\">(r\u00e9serv\u00e9 aux Associations)<\/span><br \/>\n<\/span><\/span><\/td>\n<\/tr>\n<tr>\n<td><strong><span style=\"font-size: large;\"><img loading=\"lazy\" decoding=\"async\" class=\"alignnone  wp-image-910\" src=\"http:\/\/adpegroupeschuman.fr\/page\/wp-content\/uploads\/2015\/04\/Icone_pdf-150x150.png\" alt=\"Icone_pdf\" width=\"101\" height=\"101\" \/><\/span><\/strong><\/td>\n<td><span style=\"font-size: medium;\"><span style=\"color: #0000ff;\">Fiche de l&rsquo;\u00e9v\u00e9nement<\/span><\/span><\/p>\n<p><span style=\"font-size: medium;\"><span style=\"color: #0000ff;\">\u00a0<\/span><\/span><\/td>\n<\/tr>\n<\/tbody>\n<\/table>\n<p style=\"text-align: center;\"><span style=\"font-size: medium;\"> <span style=\"text-decoration: underline;\"><strong><span style=\"color: #3366ff;\">Pr\u00e9pare une chanson avec ton \u00e9quipe pour l&rsquo;\u00e9preuve de l&rsquo;association <span style=\"color: #ff0000;\">Avec Ton Choeur<\/span><\/span><\/strong><\/span><\/span><\/p>\n<p style=\"text-align: center;\"><span style=\"font-size: medium;\">Voici quelques propositions avec les liens vers <img loading=\"lazy\" decoding=\"async\" class=\" size-full wp-image-697\" src=\"http:\/\/adpegroupeschuman.fr\/page\/wp-content\/uploads\/2013\/03\/youtube.jpg\" alt=\"\" width=\"62\" height=\"62\" border=\"0\" \/>:<\/span><\/p>\n<p style=\"text-align: center;\"><span style=\"font-size: medium;\">\u00a0<\/span><\/p>\n<ul>\n<li style=\"text-align: center;\"><span style=\"font-size: medium;\">M. Pokora: <a title=\"Envole moi Youtube\" href=\"http:\/\/www.youtube.com\/watch?v=VYtBda1vbQ8\" target=\"_blank\">Envole moi<\/a><\/span><\/li>\n<li style=\"text-align: center;\"><span style=\"font-size: medium;\">Tal : <a title=\"La vie Tal youtube\" href=\"http:\/\/www.youtube.com\/watch?v=NQys0Exys4A\" target=\"_blank\">La vie<\/a> \/ <a title=\"M'en aller youtube\" href=\"http:\/\/www.youtube.com\/watch?v=pZQHy_HDLhs\" target=\"_blank\">M&rsquo;en aller<\/a>\/ <a title=\"Rien n'est parfait youtube\" href=\"http:\/\/www.youtube.com\/watch?v=SioLbemrGbk\" target=\"_blank\">Rien n&rsquo;est parfait<\/a><\/span><\/li>\n<li style=\"text-align: center;\"><span style=\"font-size: medium;\">Star Academie: <a title=\"Star Academie youtube\" href=\"http:\/\/www.youtube.com\/watch?v=cz4OfCteiQk\" target=\"_blank\">Parce qu&rsquo;on vient de loin<\/a><\/span><\/li>\n<li style=\"text-align: center;\"><span style=\"font-size: medium;\">Leslie: <a title=\"Je te donne Youtube\" href=\"http:\/\/www.youtube.com\/watch?v=IcBKOo7Boug\" target=\"_blank\">Je te donne<\/a><\/span><\/li>\n<li style=\"text-align: center;\"><span style=\"font-size: medium;\">Shy&rsquo;m : <a title=\"On se fout de nous Youtube\" href=\"http:\/\/www.youtube.com\/watch?v=QLYBsNUE2Aw\" target=\"_blank\">On se fout de nous<\/a><\/span><\/li>\n<li style=\"text-align: center;\"><span style=\"font-size: medium;\">Youssoufa: <a title=\"On se connaitYoussoufa youtube\" href=\"http:\/\/www.youtube.com\/watch?v=Aq1PsFGssOg\" target=\"_blank\">On se connait<\/a><\/span><\/li>\n<li style=\"text-align: center;\"><span style=\"font-size: medium;\">G\u00e9rard Lenorman: <a title=\"Youtube\" href=\"http:\/\/www.youtube.com\/watch?v=Wzkz9IABhPk\" target=\"_blank\">La ballade des gens heureux<\/a><\/span><\/li>\n<\/ul>\n<p style=\"text-align: center;\">\n<p style=\"text-align: center;\"><span style=\"font-size: medium;\">\u00a0<\/span><\/p>\n<p style=\"text-align: center;\"><span style=\"font-size: medium;\">\u00a0<\/span><\/p>\n<p style=\"text-align: center;\">\n<p style=\"text-align: center;\"><span style=\"font-size: medium;\">\u00a0<\/span><\/p>\n","protected":false},"excerpt":{"rendered":"<p>(mise \u00e0 jour 24 mai 2013) Merci aux associations souhaitant participer de nous contacter \u00e0 l&rsquo;adresse suivante : bureau@adpegroupeschuman.fr \u00a0 Pr\u00e9sentation du projet (Programme non d\u00e9finitif et sujet \u00e0 modification) \u00a0 &nbsp; L\u2019objectif du projet de Rallye inter-\u00e9coles est de &hellip;<\/p>\n<p class=\"read-more\"> <a class=\"more-link\" href=\"http:\/\/adpegroupeschuman.fr\/page\/2013\/03\/rallye-inter-ecoles-2013\/\"> <span class=\"screen-reader-text\">Rallye Inter Ecoles 2013<\/span> Read More &raquo;<\/a><\/p>\n","protected":false},"author":1,"featured_media":0,"comment_status":"closed","ping_status":"open","sticky":false,"template":"","format":"standard","meta":{"footnotes":""},"categories":[27,45],"tags":[],"_links":{"self":[{"href":"http:\/\/adpegroupeschuman.fr\/page\/wp-json\/wp\/v2\/posts\/698"}],"collection":[{"href":"http:\/\/adpegroupeschuman.fr\/page\/wp-json\/wp\/v2\/posts"}],"about":[{"href":"http:\/\/adpegroupeschuman.fr\/page\/wp-json\/wp\/v2\/types\/post"}],"author":[{"embeddable":true,"href":"http:\/\/adpegroupeschuman.fr\/page\/wp-json\/wp\/v2\/users\/1"}],"replies":[{"embeddable":true,"href":"http:\/\/adpegroupeschuman.fr\/page\/wp-json\/wp\/v2\/comments?post=698"}],"version-history":[{"count":3,"href":"http:\/\/adpegroupeschuman.fr\/page\/wp-json\/wp\/v2\/posts\/698\/revisions"}],"predecessor-version":[{"id":1283,"href":"http:\/\/adpegroupeschuman.fr\/page\/wp-json\/wp\/v2\/posts\/698\/revisions\/1283"}],"wp:attachment":[{"href":"http:\/\/adpegroupeschuman.fr\/page\/wp-json\/wp\/v2\/media?parent=698"}],"wp:term":[{"taxonomy":"category","embeddable":true,"href":"http:\/\/adpegroupeschuman.fr\/page\/wp-json\/wp\/v2\/categories?post=698"},{"taxonomy":"post_tag","embeddable":true,"href":"http:\/\/adpegroupeschuman.fr\/page\/wp-json\/wp\/v2\/tags?post=698"}],"curies":[{"name":"wp","href":"https:\/\/api.w.org\/{rel}","templated":true}]}}