{"id":688,"date":"2013-03-06T20:38:38","date_gmt":"2013-03-06T20:38:38","guid":{"rendered":"http:\/\/adpegroupeschuman.fr\/page\/2013\/03\/don-livres-adpe\/"},"modified":"2013-03-06T20:38:38","modified_gmt":"2013-03-06T20:38:38","slug":"don-livres-adpe","status":"publish","type":"post","link":"http:\/\/adpegroupeschuman.fr\/page\/2013\/03\/don-livres-adpe\/","title":{"rendered":"Don livres aux \u00e9coles"},"content":{"rendered":"<p style=\"text-align: center;\"><span style=\"color: #ff9900;\"><span style=\"font-size: medium;\"><img loading=\"lazy\" decoding=\"async\" class=\" size-full wp-image-681\" src=\"http:\/\/adpegroupeschuman.fr\/page\/wp-content\/uploads\/2013\/03\/2013_DonLivres_Dlivres1.jpg\" border=\"0\" width=\"0\" height=\"0\" \/><br \/><\/span><\/span><\/p>\n<p><span style=\"font-size: medium;\"> Le  14 d\u00e9cembre 2012, l\u2019ADPE a fait un don de 157 livres aux \u00e9coles du  groupe Schuman. <\/span><\/p>\n<p><span style=\"font-size: medium;\"><br \/><\/span><\/p>\n<p style=\"text-align: center;\"><span style=\"font-size: medium;\"><img loading=\"lazy\" decoding=\"async\" class=\" size-full wp-image-682\" src=\"http:\/\/adpegroupeschuman.fr\/page\/wp-content\/uploads\/2013\/03\/2013_DonLivres_bibCF3v.jpg\" border=\"0\" width=\"0\" height=\"0\" \/><br \/><\/span><\/p>\n<p><span style=\"font-size: medium;\">Ces livres ont \u00e9t\u00e9 r\u00e9partis dans les deux biblioth\u00e8ques  du groupe : la biblioth\u00e8que de l\u2019\u00e9cole maternelle et celle de l\u2019\u00e9cole  \u00e9l\u00e9mentaire, qui accueille les grandes sections de maternelle et les  \u00e9l\u00e8ves du CP au CM2. <\/span><\/p>\n<p><span style=\"font-size: small;\"> <\/span><\/p>\n<p><span style=\"font-size: medium;\">Ce  fut l\u2019occasion pour Madame Dubreucq de nous pr\u00e9senter la nouvelle  biblioth\u00e8que de l\u2019\u00e9cole maternelle, qui derni\u00e8re a \u00e9t\u00e9 enti\u00e8rement  repeinte et agr\u00e9ment\u00e9e de nouveaux mobiliers color\u00e9s et adapt\u00e9s aux  enfants. <\/span><\/p>\n<p><span style=\"font-size: medium;\"><br \/><\/span><\/p>\n<p style=\"text-align: center;\"><span style=\"font-size: medium;\"><img loading=\"lazy\" decoding=\"async\" class=\" size-full wp-image-683\" src=\"http:\/\/adpegroupeschuman.fr\/page\/wp-content\/uploads\/2013\/03\/2013_DonLivres_bibDV1v.jpg\" border=\"0\" width=\"0\" height=\"0\" \/><\/span><\/p>\n<p style=\"text-align: center;\"><span style=\"font-size: medium;\"><img loading=\"lazy\" decoding=\"async\" class=\" size-full wp-image-684\" src=\"http:\/\/adpegroupeschuman.fr\/page\/wp-content\/uploads\/2013\/03\/2013_DonLivres_bibDV2v.jpg\" border=\"0\" width=\"0\" height=\"0\" \/><\/span><\/p>\n<p style=\"text-align: center;\"><span style=\"font-size: medium;\"><img loading=\"lazy\" decoding=\"async\" class=\" size-full wp-image-685\" src=\"http:\/\/adpegroupeschuman.fr\/page\/wp-content\/uploads\/2013\/03\/2013_DonLivres_bibDV3v.jpg\" border=\"0\" width=\"0\" height=\"0\" \/><br \/><\/span><\/p>\n<p>\u00a0<\/p>\n<p>\u00a0<\/p>\n<p><span style=\"font-size: medium;\">Du c\u00f4t\u00e9 de l\u2019\u00e9cole \u00e9l\u00e9mentaire, Patricia et Madame Bov\u00e9 en ont profit\u00e9 pour nous proposer une visite guid\u00e9e de la biblioth\u00e8que.<\/span><\/p>\n<p style=\"text-align: center;\"><span style=\"font-size: medium;\"><img loading=\"lazy\" decoding=\"async\" class=\" size-full wp-image-686\" src=\"http:\/\/adpegroupeschuman.fr\/page\/wp-content\/uploads\/2013\/03\/2013_DonLivres_bibCF1v.jpg\" border=\"0\" width=\"0\" height=\"0\" \/><\/span><\/p>\n<p style=\"text-align: center;\"><span style=\"font-size: medium;\"><img loading=\"lazy\" decoding=\"async\" class=\" size-full wp-image-687\" src=\"http:\/\/adpegroupeschuman.fr\/page\/wp-content\/uploads\/2013\/03\/2013_DonLivres_bibCF2v.jpg\" border=\"0\" width=\"0\" height=\"0\" \/><\/span><\/p>\n<p style=\"text-align: center;\"><span style=\"font-size: medium;\"><br \/><\/span><\/p>\n","protected":false},"excerpt":{"rendered":"<p>Le 14 d\u00e9cembre 2012, l\u2019ADPE a fait un don de 157 livres aux \u00e9coles du groupe Schuman. Ces livres ont \u00e9t\u00e9 r\u00e9partis dans les deux biblioth\u00e8ques du groupe : la biblioth\u00e8que de l\u2019\u00e9cole maternelle et celle de l\u2019\u00e9cole \u00e9l\u00e9mentaire, qui &hellip;<\/p>\n<p class=\"read-more\"> <a class=\"more-link\" href=\"http:\/\/adpegroupeschuman.fr\/page\/2013\/03\/don-livres-adpe\/\"> <span class=\"screen-reader-text\">Don livres aux \u00e9coles<\/span> Read More &raquo;<\/a><\/p>\n","protected":false},"author":1,"featured_media":0,"comment_status":"closed","ping_status":"open","sticky":false,"template":"","format":"standard","meta":{"footnotes":""},"categories":[27],"tags":[],"_links":{"self":[{"href":"http:\/\/adpegroupeschuman.fr\/page\/wp-json\/wp\/v2\/posts\/688"}],"collection":[{"href":"http:\/\/adpegroupeschuman.fr\/page\/wp-json\/wp\/v2\/posts"}],"about":[{"href":"http:\/\/adpegroupeschuman.fr\/page\/wp-json\/wp\/v2\/types\/post"}],"author":[{"embeddable":true,"href":"http:\/\/adpegroupeschuman.fr\/page\/wp-json\/wp\/v2\/users\/1"}],"replies":[{"embeddable":true,"href":"http:\/\/adpegroupeschuman.fr\/page\/wp-json\/wp\/v2\/comments?post=688"}],"version-history":[{"count":0,"href":"http:\/\/adpegroupeschuman.fr\/page\/wp-json\/wp\/v2\/posts\/688\/revisions"}],"wp:attachment":[{"href":"http:\/\/adpegroupeschuman.fr\/page\/wp-json\/wp\/v2\/media?parent=688"}],"wp:term":[{"taxonomy":"category","embeddable":true,"href":"http:\/\/adpegroupeschuman.fr\/page\/wp-json\/wp\/v2\/categories?post=688"},{"taxonomy":"post_tag","embeddable":true,"href":"http:\/\/adpegroupeschuman.fr\/page\/wp-json\/wp\/v2\/tags?post=688"}],"curies":[{"name":"wp","href":"https:\/\/api.w.org\/{rel}","templated":true}]}}