{"id":680,"date":"2013-03-05T21:42:08","date_gmt":"2013-03-05T21:42:08","guid":{"rendered":"http:\/\/adpegroupeschuman.fr\/page\/2013\/03\/paris-2013\/"},"modified":"2013-03-05T21:42:08","modified_gmt":"2013-03-05T21:42:08","slug":"paris-2013","status":"publish","type":"post","link":"http:\/\/adpegroupeschuman.fr\/page\/2013\/03\/paris-2013\/","title":{"rendered":"Paris 2013"},"content":{"rendered":"<p>\u00a0<\/p>\n<p style=\"text-align: center;\"><img loading=\"lazy\" decoding=\"async\" class=\" size-full wp-image-675\" src=\"http:\/\/adpegroupeschuman.fr\/page\/wp-content\/uploads\/2013\/03\/2013_sortieparis.jpg\" border=\"0\" width=\"157\" height=\"134\" \/><\/p>\n<p style=\"text-align: center;\">\u00a0<\/p>\n<p style=\"text-align: center;\"><span style=\"text-decoration: underline;\"><span style=\"font-size: small;\">Rendez-vous \u00e0 <strong>6h15 ce mercredi 6 mars devant l\u2019\u00e9cole<\/strong> pour un d\u00e9part \u00e0 6h30 pr\u00e9cises.<\/span><\/span><\/p>\n<div style=\"text-align: center;\"><span style=\"font-size: small;\">Retour le vendredi 8 mars vers 20h en fonction du trafic.<\/span><\/div>\n<div style=\"text-align: center;\">\u00a0<\/div>\n<div style=\"text-align: center;\"><span style=\"font-size: small;\"><span style=\"color: #ff0000;\"><strong>\u00a0<\/strong><\/span><\/span><\/div>\n<div style=\"text-align: center;\"><span style=\"font-size: small;\">\u00a0<\/span><\/div>\n<div style=\"text-align: left;\"><span style=\"font-size: small;\">A pr\u00e9voir par les parents pour le jour du d\u00e9part : <\/span> <\/p>\n<div>\n<ul>\n<li><span style=\"font-size: small;\">un petit go\u00fbter pour 10h<\/span><\/li>\n<\/ul><\/div>\n<div>\n<ul>\n<li><span style=\"font-size: small;\">un pique-nique pour le midi<\/span><\/li>\n<\/ul><\/div>\n<div><span style=\"font-size: small;\">L\u2019argent de poche (entre 10 et 15\u20ac) est \u00e0 donner aux ma\u00eetresses dans une enveloppe ferm\u00e9e avec le nom et le pr\u00e9nom de l\u2019enfant.<\/span><\/div>\n<div><span style=\"font-size: small;\">\u00a0<\/span><\/div>\n<div>\u00a0<\/div>\n<\/p><\/div>\n<p>\u00a0<\/p>\n<p>\u00a0<\/p>\n<div style=\"text-align: center;\"><strong><span style=\"font-size: large;\"><strong><span style=\"text-decoration: underline;\">Mercredi 06 mars<\/span><\/strong><\/span><\/strong><\/div>\n<p>\u00a0<\/p>\n<p>\u00a0<\/p>\n<p style=\"text-align: center;\"><img loading=\"lazy\" decoding=\"async\" class=\" size-full wp-image-676\" src=\"http:\/\/adpegroupeschuman.fr\/page\/wp-content\/uploads\/2013\/03\/2013_mteoparis1.jpg\" border=\"0\" width=\"291\" height=\"108\" \/><\/p>\n<p>\u00a0<\/p>\n<p><span style=\"font-size: large;\"><span style=\"font-size: small;\"><span style=\"text-decoration: underline;\">Matin :<\/span><\/span><\/span><\/p>\n<p><span style=\"font-size: large;\"><span style=\"font-size: small;\">Les enfants sont arriv\u00e9s \u00e0 destination. Le voyage s&rsquo;est bien pass\u00e9 et aucun malade n&rsquo;a \u00e9t\u00e9 recens\u00e9.<\/span><\/span><\/p>\n<p><span style=\"font-size: large;\"><span style=\"font-size: small;\">Le temps est favorable et les enfants ont\u00a0pu prendre le bateau mouche en toute s\u00e9r\u00e9nit\u00e9 \u00e0 10h15.<\/span><\/span><\/p>\n<p><span style=\"font-size: large;\"><span style=\"font-size: small;\">De nouvelles informations vous seront transmises d\u00e8s qu&rsquo;ils auront int\u00e9gr\u00e9s le foyer ce soir.<\/span><\/span><\/p>\n<p><span style=\"font-size: large;\"><span style=\"font-size: small;\">\u00a0<\/span><\/span><\/p>\n<p>\u00a0<\/p>\n<div style=\"text-align: left;\"><strong><span style=\"text-decoration: underline;\">Midi et Apr\u00e8s-midi :<\/span><\/strong><\/div>\n<div style=\"text-align: left;\"><strong><span style=\"text-decoration: underline;\">\u00a0<\/span><\/strong><\/div>\n<div style=\"text-align: left;\"><span style=\"font-size: small;\">Ce midi, les enfants ont mang\u00e9 au pied de la tour Eiffel.<\/span><\/div>\n<div style=\"text-align: left;\"><span style=\"font-size: small;\">L&rsquo;apr\u00e8s-midi a \u00e9t\u00e9 agr\u00e9able avec une temp\u00e9rature de 17 degr\u00e9s. Ils sont mont\u00e9s au second \u00e9tage de la tour Eiffel avant de se rendre au Trocad\u00e9ro.<\/span><\/div>\n<div style=\"text-align: left;\"><span style=\"font-size: small;\">Les visites se sont achev\u00e9es par une d\u00e9couverte du Parvis Notre-Dame.<\/span><\/div>\n<div style=\"text-align: left;\"><span style=\"font-size: small;\">Apr\u00e8s tous ces efforts, les enfants ne sont absolument pas fatigu\u00e9s. Ils ont int\u00e9gr\u00e9 le foyer et se sont install\u00e9s.<\/span><\/div>\n<div style=\"text-align: left;\"><span style=\"font-size: small;\">De nouvelles informations vous seront transmises demain dans le courant de la matin\u00e9e.<\/span><\/div>\n<div style=\"text-align: center;\"><strong><span style=\"font-size: large;\"><strong><span style=\"text-decoration: underline;\">Jeudi 07 mars<\/span><\/strong><\/span><\/strong><\/div>\n<div style=\"text-align: center;\"><strong><span style=\"font-size: large;\"><strong><span style=\"text-decoration: underline;\">\u00a0<\/span><\/strong><\/span><\/strong><\/div>\n<div style=\"text-align: center;\"><strong><span style=\"font-size: large;\"><strong><span style=\"text-decoration: underline;\"><img loading=\"lazy\" decoding=\"async\" class=\" size-full wp-image-677\" src=\"http:\/\/adpegroupeschuman.fr\/page\/wp-content\/uploads\/2013\/03\/2013_m\u00e9teoParis2.jpg\" border=\"0\" width=\"292\" height=\"108\" \/><br \/><\/span><\/strong><\/span><\/strong><\/div>\n<div style=\"text-align: center;\">\u00a0<\/div>\n<div style=\"text-align: left;\">\n<div style=\"text-align: left;\">\n<p><span style=\"font-size: large;\"><span style=\"font-size: small;\"><span style=\"text-decoration: underline;\">Matin et midi :<\/span><\/span><\/span><\/p>\n<\/p><\/div>\n<div style=\"text-align: left;\">\u00a0<\/div>\n<div style=\"text-align: left;\"><span style=\"font-size: small;\">La nuit s&rsquo;est bien pass\u00e9e. Aucun d\u00e9bordement n&rsquo;a \u00e9t\u00e9 signal\u00e9. Les enfants ont \u00e9t\u00e9 sages et il n&rsquo;y a pas eu de malade.<\/span><\/div>\n<div style=\"text-align: left;\">\u00a0<\/div>\n<div style=\"text-align: left;\"><span style=\"font-size: small;\">Apr\u00e8s le petit d\u00e9jeuner, ils ont repris le chemin des activit\u00e9s. Comme vous pouvez le voir au-dessus (Mme Faidherbe confirme), il pleut l\u00e9g\u00e8rement ce matin.<\/span><\/div>\n<div style=\"text-align: left;\"><span style=\"font-size: small;\">La visite du ch\u00e2teau de Versailles a eu lieu avec des conf\u00e9renciers. Les enfants ont trouv\u00e9s cela int\u00e9ressant et ont \u00e9t\u00e9 int\u00e9ress\u00e9s.<\/span><\/div>\n<div style=\"text-align: left;\">\u00a0<\/div>\n<div style=\"text-align: left;\"><span style=\"font-size: small;\">Le repas <\/span><span style=\"font-size: small; line-height: 1.3em;\">du midi a \u00e9t\u00e9 pris dans un espace couvert \u00e0 proximit\u00e9 du ch\u00e2teau.<\/span><\/div>\n<div style=\"text-align: left;\">\n<div style=\"font-size: large;\">\n<p>\u00a0<\/p>\n<p><span style=\"font-size: large;\"><span style=\"font-size: small;\"><span style=\"text-decoration: underline;\">Apr\u00e8s-midi :<\/span><\/span><\/span><\/p>\n<p><span style=\"line-height: 1.3em;\">Une ballade digestive a eu lieu apr\u00e8s le d\u00e9jeuner et un jeu de piste dans les jardins du ch\u00e2teau a \u00e9t\u00e9 organis\u00e9 cet apr\u00e8s-midi. Tout s&rsquo;est bien pass\u00e9.<\/span><\/p>\n<\/p><\/div>\n<div style=\"font-size: large;\"><span style=\"font-size: small;\">\u00a0<\/span><\/div>\n<div><span style=\"font-size: small;\"><span style=\"line-height: 1.3em;\">A 18h, les gar\u00e7ons ont entam\u00e9 une partie de foot alors qu<\/span><span style=\"line-height: 1.3em;\">e les filles ont d\u00e9cid\u00e9 d&rsquo;organiser un concours de coiffures.<\/span><\/span><\/div>\n<div><span style=\"line-height: 1.3em;\"><span style=\"font-size: small;\">Les gar\u00e7ons voteront pour la meilleure coiffure. Si tout se passe bien, ces cr\u00e9ations devraient \u00eatre immortalis\u00e9es !<\/span><\/span><\/div>\n<div><span style=\"line-height: 1.3em;\"><span style=\"font-size: small;\">\u00a0<\/span><\/span><\/div>\n<div><span style=\"line-height: 1.3em;\"><span style=\"font-size: small;\">Apr\u00e8s le repas, une soir\u00e9e jeu de soci\u00e9t\u00e9 est pr\u00e9vue au programme.<\/span><\/span><\/div>\n<div><span style=\"font-size: small;\">Nous vous donnerons d&rsquo;autres nouvelles demain matin entre 10 et 11h.<\/span><\/div>\n<div style=\"text-align: center;\"><strong><span style=\"font-size: large;\"><strong><span style=\"text-decoration: underline;\">Vendredi 08 mars<\/span><\/strong><\/span><\/strong><\/div>\n<div style=\"text-align: center;\"><strong><span style=\"font-size: large;\"><strong><span style=\"text-decoration: underline;\">\u00a0<\/span><\/strong><\/span><\/strong><\/div>\n<div style=\"text-align: center;\"><strong><span style=\"font-size: large;\"><strong><span style=\"text-decoration: underline;\"><img loading=\"lazy\" decoding=\"async\" class=\" size-full wp-image-678\" src=\"http:\/\/adpegroupeschuman.fr\/page\/wp-content\/uploads\/2013\/03\/2013_m\u00e9teoParis3.jpg\" border=\"0\" width=\"277\" height=\"108\" \/><\/span><\/strong><\/span><\/strong><\/div>\n<div style=\"text-align: center;\"><img loading=\"lazy\" decoding=\"async\" class=\" size-full wp-image-679\" src=\"http:\/\/adpegroupeschuman.fr\/page\/wp-content\/uploads\/2013\/03\/2013_anniv1.jpg\" border=\"0\" width=\"199\" height=\"83\" \/><\/div>\n<div style=\"text-align: left;\"><strong><span style=\"font-size: large;\"><strong><span style=\"text-decoration: underline;\">\u00a0<\/span><\/strong><\/span><\/strong><\/div>\n<\/p><\/div>\n<div style=\"text-align: left;\">\u00a0<\/div>\n<div style=\"text-align: left;\">\u00a0<\/div>\n<div style=\"text-align: left;\"><span style=\"font-size: small;\">Comme hier, la nuit s&rsquo;est bien pass\u00e9e. Pour l&rsquo;instant, les enfants ont la chance de passer entre les gouttes de pluie.<\/span><\/div>\n<div style=\"text-align: left;\">\u00a0<\/div>\n<div style=\"text-align: left;\"><span style=\"font-size: small;\">Au programme de la matin\u00e9e : la visite du Louvre.<\/span><\/div>\n<div style=\"text-align: left;\"><span style=\"font-size: small;\">Au programme de l&rsquo;apr\u00e8s-midi : la visite des Invalides.<\/span><\/div>\n<div style=\"text-align: left;\">\u00a0<\/div>\n<div style=\"text-align: left;\"><span style=\"font-size: small;\">Je peux vous assurer que la bonne ambiance \u00e9tait palpable et que les enfants s&rsquo;amusent bien compte tenu du fait que j&rsquo;avais du mal \u00e0 entendre Mme Faidherbe lorsque le bus parcourait l&rsquo;avenue des Champs Elys\u00e9es !<\/span><\/div>\n<div style=\"text-align: left;\"><span style=\"font-size: small;\">\u00a0<\/span><\/div>\n<div style=\"text-align: left;\">\u00a0<\/div>\n<div style=\"text-align: center;\"><span style=\"font-size: large;\"><span style=\"text-decoration: underline;\"><strong>Informations sur le retour<\/strong><\/span><\/span><\/div>\n<div style=\"text-align: center;\"><span style=\"font-size: large;\"><span style=\"text-decoration: underline;\"><strong>\u00a0<\/strong><\/span><\/span><\/div>\n<div style=\"text-align: left;\">\u00a0<\/div>\n<div style=\"text-align: left;\">\u00a0<\/div>\n<div style=\"text-align: center;\">\u00a0<\/div>\n<div style=\"text-align: center;\"><span style=\"font-size: small;\"><span style=\"font-size: medium;\"><span style=\"color: #ff0000;\"><strong>Le dernier SMS de Mme Faidherbe indique l&rsquo;heure d&rsquo;arriv\u00e9e \u00e0 <span style=\"font-size: large;\">20h20<\/span>.<\/strong><\/span><\/span><\/span><\/div>\n<div style=\"text-align: left;\"><span style=\"font-size: small;\">\u00a0<\/span><\/div>\n<\/p><\/div>\n","protected":false},"excerpt":{"rendered":"<p>\u00a0 \u00a0 Rendez-vous \u00e0 6h15 ce mercredi 6 mars devant l\u2019\u00e9cole pour un d\u00e9part \u00e0 6h30 pr\u00e9cises. Retour le vendredi 8 mars vers 20h en fonction du trafic. \u00a0 \u00a0 \u00a0 A pr\u00e9voir par les parents pour le jour du &hellip;<\/p>\n<p class=\"read-more\"> <a class=\"more-link\" href=\"http:\/\/adpegroupeschuman.fr\/page\/2013\/03\/paris-2013\/\"> <span class=\"screen-reader-text\">Paris 2013<\/span> Read More &raquo;<\/a><\/p>\n","protected":false},"author":1,"featured_media":0,"comment_status":"closed","ping_status":"open","sticky":false,"template":"","format":"standard","meta":{"footnotes":""},"categories":[13],"tags":[],"_links":{"self":[{"href":"http:\/\/adpegroupeschuman.fr\/page\/wp-json\/wp\/v2\/posts\/680"}],"collection":[{"href":"http:\/\/adpegroupeschuman.fr\/page\/wp-json\/wp\/v2\/posts"}],"about":[{"href":"http:\/\/adpegroupeschuman.fr\/page\/wp-json\/wp\/v2\/types\/post"}],"author":[{"embeddable":true,"href":"http:\/\/adpegroupeschuman.fr\/page\/wp-json\/wp\/v2\/users\/1"}],"replies":[{"embeddable":true,"href":"http:\/\/adpegroupeschuman.fr\/page\/wp-json\/wp\/v2\/comments?post=680"}],"version-history":[{"count":0,"href":"http:\/\/adpegroupeschuman.fr\/page\/wp-json\/wp\/v2\/posts\/680\/revisions"}],"wp:attachment":[{"href":"http:\/\/adpegroupeschuman.fr\/page\/wp-json\/wp\/v2\/media?parent=680"}],"wp:term":[{"taxonomy":"category","embeddable":true,"href":"http:\/\/adpegroupeschuman.fr\/page\/wp-json\/wp\/v2\/categories?post=680"},{"taxonomy":"post_tag","embeddable":true,"href":"http:\/\/adpegroupeschuman.fr\/page\/wp-json\/wp\/v2\/tags?post=680"}],"curies":[{"name":"wp","href":"https:\/\/api.w.org\/{rel}","templated":true}]}}