{"id":662,"date":"2012-11-09T14:03:42","date_gmt":"2012-11-09T14:03:42","guid":{"rendered":"http:\/\/adpegroupeschuman.fr\/page\/2012\/11\/braderie2012suite\/"},"modified":"2012-11-09T14:03:42","modified_gmt":"2012-11-09T14:03:42","slug":"braderie2012suite","status":"publish","type":"post","link":"http:\/\/adpegroupeschuman.fr\/page\/2012\/11\/braderie2012suite\/","title":{"rendered":"Braderie2012suite"},"content":{"rendered":"<div style=\"text-align: center;\"><span style=\"font-size: medium;\"><span style=\"color: #0000ff;\"><strong>Premi\u00e8re braderie d&rsquo;hiver r\u00e9ussie pour notre groupe scolaire.<\/strong><\/span><\/span><\/div>\n<div style=\"text-align: center;\"><span style=\"color: #0000ff;\"><span style=\"font-size: x-large;\"><strong>\u00a0<\/strong><\/span><\/span><\/div>\n<div style=\"text-align: center;\"><span style=\"font-size: medium;\">\u00a0<\/span><\/div>\n<div><span style=\"font-size: medium;\">\u00a0<\/span><\/div>\n<div><span style=\"font-size: small;\">Avec plus de 60 exposants et de nombreux visiteurs, la premi\u00e8re \u00e9dition \u00e0 \u00e9t\u00e9 un succ\u00e8s!<\/span><\/div>\n<div><span style=\"font-size: small;\">\u00a0<\/span><\/div>\n<div><span style=\"font-size: small;\">Cette braderie est ouverte \u00e0 tous (hors professionnels) et exclusivement r\u00e9serv\u00e9e \u00e0 la vente d&rsquo;objets en relation avec le monde de l&rsquo;enfance (jouets, v\u00eatements, pu\u00e9riculture,&#8230; ).<\/span><\/div>\n<div><span style=\"font-size: small;\">\u00a0<\/span><\/div>\n<div><span style=\"font-size: small;\">Les fonds r\u00e9colt\u00e9s par la vente des emplacements (2\u20ac le m\u00e8tre ) seront redistribu\u00e9s aux \u00e9coles.<\/span><\/div>\n<div><span style=\"font-size: small;\">\u00a0<\/span><\/div>\n<div><span style=\"font-size: small;\">Ce fut aussi l&rsquo;occasion aux classes de CE1 de vendre g\u00e2teaux et caf\u00e9 pour financer leur classe de mer.<\/span><\/div>\n<div><span style=\"font-size: small;\">\u00a0<\/span><\/div>\n<p><span style=\"font-size: small;\"> Encore merci aux parents qui ont particip\u00e9 \u00e0 la pr\u00e9paration, l&rsquo;organisation et la logistique de cette braderie. <\/span><\/p>\n<p><span style=\"font-size: medium;\">\u00a0<\/span><\/p>\n<p style=\"text-align: center;\"><span style=\"font-size: large;\"><span style=\"color: #0000ff;\">Rendez-vous l&rsquo;ann\u00e9e prochaine !<\/span><\/span><\/p>\n<p style=\"text-align: center;\"><span style=\"font-size: large;\"><span style=\"color: #0000ff;\">\u00a0<\/span><\/span><\/p>\n<p style=\"text-align: center;\"><span style=\"font-size: large;\"><span style=\"color: #0000ff;\">Voici quelques photos de l&rsquo;\u00e9v\u00e9nement:<\/span><\/span><span><em>sous un ciel certes gris mais sans pluie !!!<br \/><\/em><\/span><\/p>\n<p style=\"text-align: center;\"><span style=\"font-size: large;\"><span style=\"color: #0000ff;\">\u00a0<\/span><\/span><\/p>\n<p style=\"text-align: center;\">\u00a0<\/p>\n<p style=\"text-align: center;\"><span style=\"font-size: large;\"><span style=\"color: #0000ff;\"><img loading=\"lazy\" decoding=\"async\" class=\" size-full wp-image-655\" src=\"http:\/\/adpegroupeschuman.fr\/page\/wp-content\/uploads\/2012\/11\/2012_Brad2012_I1.png\" border=\"0\" width=\"0\" height=\"0\" \/><\/span><\/span><\/p>\n<p style=\"text-align: center;\">\u00a0<\/p>\n<p style=\"text-align: center;\"><span style=\"font-size: large;\"><span style=\"color: #0000ff;\"><img loading=\"lazy\" decoding=\"async\" class=\" size-full wp-image-656\" src=\"http:\/\/adpegroupeschuman.fr\/page\/wp-content\/uploads\/2012\/11\/2012_Brad2012_I2.png\" border=\"0\" width=\"0\" height=\"0\" \/><\/span><\/span><\/p>\n<p style=\"text-align: center;\">\u00a0<\/p>\n<p style=\"text-align: center;\"><span style=\"font-size: large;\"><span style=\"color: #0000ff;\"><img loading=\"lazy\" decoding=\"async\" class=\" size-full wp-image-657\" src=\"http:\/\/adpegroupeschuman.fr\/page\/wp-content\/uploads\/2012\/11\/2012_Brad2012_I4.png\" border=\"0\" width=\"0\" height=\"0\" \/><\/span><\/span><\/p>\n<p style=\"text-align: center;\"><span style=\"font-size: large;\"><span style=\"color: #0000ff;\"><img loading=\"lazy\" decoding=\"async\" class=\" size-full wp-image-658\" src=\"http:\/\/adpegroupeschuman.fr\/page\/wp-content\/uploads\/2012\/11\/2012_Brad2012_I5.png\" border=\"0\" width=\"0\" height=\"0\" \/><\/span><\/span><\/p>\n<p style=\"text-align: center;\"><span style=\"font-size: large;\"><span style=\"color: #0000ff;\"><img loading=\"lazy\" decoding=\"async\" class=\" size-full wp-image-659\" src=\"http:\/\/adpegroupeschuman.fr\/page\/wp-content\/uploads\/2012\/11\/2012_Brad2012_I6.png\" border=\"0\" width=\"594\" height=\"336\" \/><\/span><\/span><\/p>\n<p style=\"text-align: center;\"><span style=\"font-size: large;\"><span style=\"color: #0000ff;\"><img loading=\"lazy\" decoding=\"async\" class=\" size-full wp-image-660\" src=\"http:\/\/adpegroupeschuman.fr\/page\/wp-content\/uploads\/2012\/11\/2012_Brad2012_I7.png\" border=\"0\" width=\"671\" height=\"413\" \/><\/span><\/span><\/p>\n<p style=\"text-align: center;\"><span style=\"font-size: large;\"><span style=\"color: #0000ff;\"><img loading=\"lazy\" decoding=\"async\" class=\" size-full wp-image-661\" src=\"http:\/\/adpegroupeschuman.fr\/page\/wp-content\/uploads\/2012\/11\/2012_Brad2012_I8.png\" border=\"0\" width=\"0\" height=\"0\" \/><\/span><\/span><\/p>\n","protected":false},"excerpt":{"rendered":"<p>Premi\u00e8re braderie d&rsquo;hiver r\u00e9ussie pour notre groupe scolaire. \u00a0 \u00a0 \u00a0 Avec plus de 60 exposants et de nombreux visiteurs, la premi\u00e8re \u00e9dition \u00e0 \u00e9t\u00e9 un succ\u00e8s! \u00a0 Cette braderie est ouverte \u00e0 tous (hors professionnels) et exclusivement r\u00e9serv\u00e9e \u00e0 &hellip;<\/p>\n<p class=\"read-more\"> <a class=\"more-link\" href=\"http:\/\/adpegroupeschuman.fr\/page\/2012\/11\/braderie2012suite\/\"> <span class=\"screen-reader-text\">Braderie2012suite<\/span> Read More &raquo;<\/a><\/p>\n","protected":false},"author":1,"featured_media":0,"comment_status":"closed","ping_status":"open","sticky":false,"template":"","format":"standard","meta":{"footnotes":""},"categories":[27],"tags":[],"_links":{"self":[{"href":"http:\/\/adpegroupeschuman.fr\/page\/wp-json\/wp\/v2\/posts\/662"}],"collection":[{"href":"http:\/\/adpegroupeschuman.fr\/page\/wp-json\/wp\/v2\/posts"}],"about":[{"href":"http:\/\/adpegroupeschuman.fr\/page\/wp-json\/wp\/v2\/types\/post"}],"author":[{"embeddable":true,"href":"http:\/\/adpegroupeschuman.fr\/page\/wp-json\/wp\/v2\/users\/1"}],"replies":[{"embeddable":true,"href":"http:\/\/adpegroupeschuman.fr\/page\/wp-json\/wp\/v2\/comments?post=662"}],"version-history":[{"count":0,"href":"http:\/\/adpegroupeschuman.fr\/page\/wp-json\/wp\/v2\/posts\/662\/revisions"}],"wp:attachment":[{"href":"http:\/\/adpegroupeschuman.fr\/page\/wp-json\/wp\/v2\/media?parent=662"}],"wp:term":[{"taxonomy":"category","embeddable":true,"href":"http:\/\/adpegroupeschuman.fr\/page\/wp-json\/wp\/v2\/categories?post=662"},{"taxonomy":"post_tag","embeddable":true,"href":"http:\/\/adpegroupeschuman.fr\/page\/wp-json\/wp\/v2\/tags?post=662"}],"curies":[{"name":"wp","href":"https:\/\/api.w.org\/{rel}","templated":true}]}}