{"id":654,"date":"2012-10-03T15:15:28","date_gmt":"2012-10-03T15:15:28","guid":{"rendered":"http:\/\/adpegroupeschuman.fr\/page\/2012\/10\/braderie2012\/"},"modified":"2012-10-03T15:15:28","modified_gmt":"2012-10-03T15:15:28","slug":"braderie2012","status":"publish","type":"post","link":"http:\/\/adpegroupeschuman.fr\/page\/2012\/10\/braderie2012\/","title":{"rendered":"Braderie2012"},"content":{"rendered":"<p style=\"text-align: center;\"><strong><span style=\"font-size: medium;\"><span style=\"color: #cc99ff;\">Le samedi 20 octobre 2012 dans la cour de l\u2019Ecole Curie Ferry<\/span><\/span><\/strong><\/p>\n<p style=\"text-align: center;\"><img loading=\"lazy\" decoding=\"async\" class=\" size-full wp-image-652\" src=\"http:\/\/adpegroupeschuman.fr\/page\/wp-content\/uploads\/2012\/10\/Asso_logbrad2012.jpg\" border=\"0\" width=\"341\" height=\"171\" \/><\/p>\n<p>\u00a0<\/p>\n<p><span style=\"color: #cc99ff;\"><span style=\"font-size: large;\">L\u2019ADPE du groupe scolaire Schuman est heureuse de vous annoncer la 1\u00e8re braderie d\u2019Hiver r\u00e9serv\u00e9e au monde de l\u2019enfant <\/span><\/span><\/p>\n<p style=\"text-align: center;\">\u00a0<\/p>\n<p style=\"text-align: center;\"><strong><span style=\"font-size: medium;\"><span style=\"color: #cc99ff;\">\u00a0<\/span><\/span><\/strong><\/p>\n<p>Durant cette journ\u00e9e, parents de l\u2019\u00e9cole ou personne de l\u2019ext\u00e9rieur, pourront vendre ou acheter des v\u00eatements, jouets ou tout article destin\u00e9 aux enfants.<\/p>\n<p>Les profits de la location des emplacements seront revers\u00e9s aux \u00e9coles pour nos enfants.<\/p>\n<p><span style=\"color: #cc99ff;\"><span style=\"font-size: medium;\"><strong>Vous souhaitez exposer ?<\/strong><\/span><\/span><\/p>\n<p>L\u2019emplacement est vendu 2 \u20ac le m\u00e8tre (maximum 3m par exposant), aucun mat\u00e9riel (chaises ou tables) n\u2019est fourni.<\/p>\n<p>\u00a0<\/p>\n<p><strong>Vous pouvez vous inscrire \u00c0 l\u2019\u00c9cole Desbordes Valmore &#8211; 98 rue du G. Leclercq<\/strong><\/p>\n<p>\u00a0<\/p>\n<ul>\n<li><strong>Lundi 15 octobre 2012<\/strong> de 8h30 \u00e0 9h30 et de 16h \u00e0 18h<\/li>\n<\/ul>\n<ul>\n<li><strong>Mardi 16 octobre 2012<\/strong> de 11h \u00e0 14h<\/li>\n<\/ul>\n<ul>\n<li><strong>Jeudi 18 octobre 2012<\/strong> de 8h30 \u00e0 9h30 et de 16h \u00e0 18h<\/li>\n<\/ul>\n<p>\u00a0<\/p>\n<p>Les emplacements seront attribu\u00e9s par ordre d\u2019inscription.<\/p>\n<p>Ils sont r\u00e9serv\u00e9s aux particuliers. Seront exclus de la vente, les activit\u00e9s commerciales \u00e0 but lucratif de type n\u00e9goce de mat\u00e9riels neufs ou anciens par des professionnels.<\/p>\n<p>L\u2019installation pourra avoir lieu \u00e0 partir de 7h. Les voitures ne seront pas autoris\u00e9es dans l\u2019enceinte de la cour.<\/p>\n<p>\u00a0<\/p>\n<p><strong><span style=\"font-size: medium;\"><span style=\"color: #cc99ff;\">Vous serez visiteur ?<\/span><\/span><\/strong><\/p>\n<p>La cour sera ouverte de 8 h jusqu\u2019\u00e0 13h.<\/p>\n<p>Un espace \u00ab buvette \u00bb proposera collations chaudes et froides.<\/p>\n<p>\u00a0<\/p>\n<p><span style=\"font-size: medium;\"><strong><span style=\"color: #cc99ff;\">Vous souhaitez nous aider ?<\/span><\/strong><\/span><\/p>\n<p>&#8211; montage de la buvette<\/p>\n<p>&#8211; tenue de la buvette,<\/p>\n<p>&#8211; confection de g\u00e2teaux qui seront vendus durant la journ\u00e9e<\/p>\n<p>&#8211; etc\u2026<\/p>\n<p><span style=\"font-size: medium;\"><span style=\"color: #cc99ff;\">Vous pouvez nous contacter par mail: braderie@adpegroupeschuman.fr ou par t\u00e9l\u00e9phone au 06.84.21.38.65.<\/span><\/span><\/p>\n<p>\u00a0<\/p>\n<p><span style=\"color: #cc99ff;\"><span style=\"font-size: x-large;\"><strong>Venez nombreuses et nombreux !<\/strong><\/span><\/span><\/p>\n<p>\u00a0<\/p>\n<p>\u00a0<\/p>\n<p style=\"text-align: center;\"><a href=\"http:\/\/adpegroupeschuman.fr\/page\/wp-content\/uploads\/2012\/10\/.._Documents_Aff_Brad_2012.pdf\" target=\"_blank\" title=\"Braderie2012\"><img loading=\"lazy\" decoding=\"async\" class=\" size-full wp-image-435\" src=\"http:\/\/adpegroupeschuman.fr\/page\/wp-content\/uploads\/2010\/11\/logopdf.gif\" border=\"0\" width=\"102\" height=\"65\" \/><\/a><\/p>\n<p>\u00a0<\/p>\n<p style=\"text-align: center;\"><a href=\"http:\/\/adpegroupeschuman.fr\/page\/wp-content\/uploads\/2012\/10\/.._Documents_Aff_Brad_2012.pdf\" target=\"_blank\" title=\"Braderie2012\">Affiche de l&rsquo;\u00e9v\u00e9nement<\/a><\/p>\n<p>\u00a0<\/p>\n","protected":false},"excerpt":{"rendered":"<p>Le samedi 20 octobre 2012 dans la cour de l\u2019Ecole Curie Ferry \u00a0 L\u2019ADPE du groupe scolaire Schuman est heureuse de vous annoncer la 1\u00e8re braderie d\u2019Hiver r\u00e9serv\u00e9e au monde de l\u2019enfant \u00a0 \u00a0 Durant cette journ\u00e9e, parents de l\u2019\u00e9cole &hellip;<\/p>\n<p class=\"read-more\"> <a class=\"more-link\" href=\"http:\/\/adpegroupeschuman.fr\/page\/2012\/10\/braderie2012\/\"> <span class=\"screen-reader-text\">Braderie2012<\/span> Read More &raquo;<\/a><\/p>\n","protected":false},"author":1,"featured_media":0,"comment_status":"closed","ping_status":"open","sticky":false,"template":"","format":"standard","meta":{"footnotes":""},"categories":[27],"tags":[],"_links":{"self":[{"href":"http:\/\/adpegroupeschuman.fr\/page\/wp-json\/wp\/v2\/posts\/654"}],"collection":[{"href":"http:\/\/adpegroupeschuman.fr\/page\/wp-json\/wp\/v2\/posts"}],"about":[{"href":"http:\/\/adpegroupeschuman.fr\/page\/wp-json\/wp\/v2\/types\/post"}],"author":[{"embeddable":true,"href":"http:\/\/adpegroupeschuman.fr\/page\/wp-json\/wp\/v2\/users\/1"}],"replies":[{"embeddable":true,"href":"http:\/\/adpegroupeschuman.fr\/page\/wp-json\/wp\/v2\/comments?post=654"}],"version-history":[{"count":0,"href":"http:\/\/adpegroupeschuman.fr\/page\/wp-json\/wp\/v2\/posts\/654\/revisions"}],"wp:attachment":[{"href":"http:\/\/adpegroupeschuman.fr\/page\/wp-json\/wp\/v2\/media?parent=654"}],"wp:term":[{"taxonomy":"category","embeddable":true,"href":"http:\/\/adpegroupeschuman.fr\/page\/wp-json\/wp\/v2\/categories?post=654"},{"taxonomy":"post_tag","embeddable":true,"href":"http:\/\/adpegroupeschuman.fr\/page\/wp-json\/wp\/v2\/tags?post=654"}],"curies":[{"name":"wp","href":"https:\/\/api.w.org\/{rel}","templated":true}]}}