{"id":651,"date":"2012-08-20T10:59:28","date_gmt":"2012-08-20T10:59:28","guid":{"rendered":"http:\/\/adpegroupeschuman.fr\/page\/2012\/08\/2012-rencontre-des-cm2-avec-mr-daubresse\/"},"modified":"2012-08-20T10:59:28","modified_gmt":"2012-08-20T10:59:28","slug":"2012-rencontre-des-cm2-avec-mr-daubresse","status":"publish","type":"post","link":"http:\/\/adpegroupeschuman.fr\/page\/2012\/08\/2012-rencontre-des-cm2-avec-mr-daubresse\/","title":{"rendered":"2012 Rencontre des CM2 avec Mr Daubresse"},"content":{"rendered":"<p align=\"center\">\u00a0<\/p>\n<p align=\"center\">\u00a0<\/p>\n<p style=\"text-align: center;\"><span style=\"color: #ff6600;\"><span style=\"font-size: medium;\"><strong><span style=\"text-decoration: underline;\">Le m\u00e9tier de d\u00e9put\u00e9<\/span><\/strong><\/span><\/span><\/p>\n<p style=\"text-align: center;\"><strong><span style=\"text-decoration: underline;\">\u00a0<\/span><\/strong><\/p>\n<p style=\"text-align: center;\"><strong><em>(Interview de monsieur Daubresse par les CM2 de l\u2019\u00e9cole Curie-Ferry)<\/em><\/strong><\/p>\n<p style=\"text-align: center;\"><strong><span style=\"text-decoration: underline;\"><img loading=\"lazy\" decoding=\"async\" class=\" size-full wp-image-647\" src=\"http:\/\/adpegroupeschuman.fr\/page\/wp-content\/uploads\/2012\/08\/CurrieFerry_2012Paris_int_daubresse3.jpg\" border=\"0\" width=\"483\" height=\"281\" \/><\/span><\/strong><\/p>\n<p align=\"center\">\u00a0<\/p>\n<p align=\"center\">\u00a0<\/p>\n<p style=\"text-align: left;\"><span style=\"color: #0000ff;\"><strong><em>1. En quoi consiste votre travail \u00e0 part le vote des lois\u00a0?<\/em><\/strong><\/span><\/p>\n<p align=\"center\">\u00a0<\/p>\n<p align=\"center\">\u00a0<\/p>\n<p align=\"center\">\u00a0<\/p>\n<p><em>1 contr\u00f4ler l\u2019action du gouvernement<\/em><\/p>\n<p><em>2 proposer des lois<\/em><\/p>\n<p><em>3 \u00eatre le chef de projet de son territoire <\/em><\/p>\n<p style=\"text-align: center;\" align=\"center\"><strong><em><img loading=\"lazy\" decoding=\"async\" class=\" size-full wp-image-648\" src=\"http:\/\/adpegroupeschuman.fr\/page\/wp-content\/uploads\/2012\/08\/CurrieFerry_2012Paris_int_daubresse1.jpg\" border=\"0\" width=\"521\" height=\"232\" \/><\/em><\/strong><\/p>\n<p><span style=\"color: #0000ff;\"><strong><em>2. <\/em><em>Comment est organis\u00e9e la journ\u00e9e d\u2019un d\u00e9put\u00e9\u00a0?<\/em><\/strong><\/span><\/p>\n<p>\u00a0<\/p>\n<p><em>Il est dans sa circonscription le lundi et le vendredi. Du mardi au jeudi il est \u00e0 l\u2019assembl\u00e9e nationale. <\/em><\/p>\n<p>\u00a0<\/p>\n<p><span style=\"color: #0000ff;\"><strong><em>3. <\/em><em>A partir de quel \u00e2ge et jusqu\u2019\u00e0 quel \u00e2ge peut-on \u00eatre d\u00e9put\u00e9\u00a0?<\/em><\/strong><\/span><\/p>\n<p>\u00a0<\/p>\n<p><em>A\u00a0 partir de 18 ans jusqu&rsquo;\u00e0 l\u2019\u00e2ge que l\u2019on veut. <\/em><\/p>\n<p style=\"text-align: center;\"><em><img loading=\"lazy\" decoding=\"async\" class=\" size-full wp-image-649\" src=\"http:\/\/adpegroupeschuman.fr\/page\/wp-content\/uploads\/2012\/08\/CurrieFerry_2012Paris_int_daubresse4.jpg\" border=\"0\" width=\"0\" height=\"0\" \/><br \/><\/em><\/p>\n<p><span style=\"color: #0000ff;\"><strong><em>4. <\/em><em>Faut-il faire des \u00e9tudes particuli\u00e8res pour \u00eatre d\u00e9put\u00e9\u00a0?<\/em><\/strong><\/span><\/p>\n<p><em>Non. <\/em><\/p>\n<p><span style=\"color: #0000ff;\"><strong><em>5. <\/em><em>Allez-vous souvent \u00e0 l\u2019Assembl\u00e9e nationale\u00a0?<\/em><\/strong><\/span><\/p>\n<p><em>Oui, 3 jours par semaine. <\/em><\/p>\n<p><strong><span style=\"color: #0000ff;\"><em>6. <\/em><em>Si vous n\u2019y allez pas, quelle est la sanction\u00a0?<\/em><\/span><\/strong><\/p>\n<p><em>Au bout de 3 fois l\u2019indemnit\u00e9 (salaire) du d\u00e9put\u00e9 baisse. <\/em><\/p>\n<p><span style=\"color: #0000ff;\"><strong><em>7. <\/em><em>Qu\u2019est ce qui est le plus dur dans ce m\u00e9tier\u00a0?<\/em><\/strong><\/span><\/p>\n<p><em>C\u2019est la t\u00e9l\u00e9vision. <\/em><\/p>\n<p><span style=\"color: #0000ff;\"><strong><em>8. <\/em><em>Pourquoi l\u2019avez-vous choisi\u00a0?<\/em><\/strong><\/span><\/p>\n<p><em>J\u2019y suis arriv\u00e9 un peu par hasard. Je suis ing\u00e9nieur de formation.<\/em><\/p>\n<p style=\"text-align: center;\"><em><img loading=\"lazy\" decoding=\"async\" class=\" size-full wp-image-650\" src=\"http:\/\/adpegroupeschuman.fr\/page\/wp-content\/uploads\/2012\/08\/CurrieFerry_2012Paris_int_daubresse2.jpg\" border=\"0\" width=\"0\" height=\"0\" \/><br \/><\/em><\/p>\n","protected":false},"excerpt":{"rendered":"<p>\u00a0 \u00a0 Le m\u00e9tier de d\u00e9put\u00e9 \u00a0 (Interview de monsieur Daubresse par les CM2 de l\u2019\u00e9cole Curie-Ferry) \u00a0 \u00a0 1. En quoi consiste votre travail \u00e0 part le vote des lois\u00a0? \u00a0 \u00a0 \u00a0 1 contr\u00f4ler l\u2019action du gouvernement 2 &hellip;<\/p>\n<p class=\"read-more\"> <a class=\"more-link\" href=\"http:\/\/adpegroupeschuman.fr\/page\/2012\/08\/2012-rencontre-des-cm2-avec-mr-daubresse\/\"> <span class=\"screen-reader-text\">2012 Rencontre des CM2 avec Mr Daubresse<\/span> Read More &raquo;<\/a><\/p>\n","protected":false},"author":1,"featured_media":0,"comment_status":"closed","ping_status":"open","sticky":false,"template":"","format":"standard","meta":{"footnotes":""},"categories":[13],"tags":[],"_links":{"self":[{"href":"http:\/\/adpegroupeschuman.fr\/page\/wp-json\/wp\/v2\/posts\/651"}],"collection":[{"href":"http:\/\/adpegroupeschuman.fr\/page\/wp-json\/wp\/v2\/posts"}],"about":[{"href":"http:\/\/adpegroupeschuman.fr\/page\/wp-json\/wp\/v2\/types\/post"}],"author":[{"embeddable":true,"href":"http:\/\/adpegroupeschuman.fr\/page\/wp-json\/wp\/v2\/users\/1"}],"replies":[{"embeddable":true,"href":"http:\/\/adpegroupeschuman.fr\/page\/wp-json\/wp\/v2\/comments?post=651"}],"version-history":[{"count":0,"href":"http:\/\/adpegroupeschuman.fr\/page\/wp-json\/wp\/v2\/posts\/651\/revisions"}],"wp:attachment":[{"href":"http:\/\/adpegroupeschuman.fr\/page\/wp-json\/wp\/v2\/media?parent=651"}],"wp:term":[{"taxonomy":"category","embeddable":true,"href":"http:\/\/adpegroupeschuman.fr\/page\/wp-json\/wp\/v2\/categories?post=651"},{"taxonomy":"post_tag","embeddable":true,"href":"http:\/\/adpegroupeschuman.fr\/page\/wp-json\/wp\/v2\/tags?post=651"}],"curies":[{"name":"wp","href":"https:\/\/api.w.org\/{rel}","templated":true}]}}