{"id":474,"date":"2011-03-26T12:52:59","date_gmt":"2011-03-26T12:52:59","guid":{"rendered":"http:\/\/adpegroupeschuman.fr\/page\/2011\/03\/statut-de-lassociation\/"},"modified":"2015-10-05T21:46:34","modified_gmt":"2015-10-05T21:46:34","slug":"statut-de-lassociation","status":"publish","type":"post","link":"http:\/\/adpegroupeschuman.fr\/page\/2011\/03\/statut-de-lassociation\/","title":{"rendered":"Statut de l&rsquo;Association"},"content":{"rendered":"<p align=\"center\"><span style=\"color: #3366ff;\"><strong>STATUTS<\/strong><\/span><\/p>\n<p>&nbsp;<\/p>\n<p align=\"center\"><span style=\"color: #3366ff;\"><em><strong>ASSOCIATION DES PARENTS D\u2019ELEVES<br \/>\nGROUPE SCOLAIRE SCHUMAN \u2013 SAINT ANDRE LEZ LILLE<\/strong><\/em><\/span><\/p>\n<p style=\"text-align: center;\"><img loading=\"lazy\" decoding=\"async\" class=\"alignnone wp-image-1058\" src=\"http:\/\/adpegroupeschuman.fr\/page\/wp-content\/uploads\/2011\/03\/logoadpev21.jpg\" alt=\"logoadpev2\" width=\"144\" height=\"143\" srcset=\"http:\/\/adpegroupeschuman.fr\/page\/wp-content\/uploads\/2011\/03\/logoadpev21.jpg 272w, http:\/\/adpegroupeschuman.fr\/page\/wp-content\/uploads\/2011\/03\/logoadpev21-150x149.jpg 150w, http:\/\/adpegroupeschuman.fr\/page\/wp-content\/uploads\/2011\/03\/logoadpev21-100x99.jpg 100w, http:\/\/adpegroupeschuman.fr\/page\/wp-content\/uploads\/2011\/03\/logoadpev21-200x199.jpg 200w\" sizes=\"(max-width: 144px) 100vw, 144px\" \/><\/p>\n<p><strong><em>Article 1\u00a0: D\u00e9nomination<\/em><\/strong><\/p>\n<p>Entre les parents des \u00e9l\u00e8ves du groupe scolaire Schuman de Saint-Andr\u00e9-Lez-Lille (59350) qui adh\u00e8rent aux pr\u00e9sents statuts est fond\u00e9e une association r\u00e9gie par la loi de 1901 et le d\u00e9cret du 16 ao\u00fbt 1901 qui prend le nom de\u00a0:<\/p>\n<p>&nbsp;<\/p>\n<p align=\"center\"><span style=\"color: #3366ff;\"><strong>ADPE &#8211; ASSOCIATION DES PARENTS D\u2019ELEVES DU GROUPE SCOLAIRE SCHUMAN<\/strong><\/span><\/p>\n<p align=\"center\"><strong>\u00a0<\/strong><\/p>\n<p><strong><em>Article 2\u00a0: Objet<\/em><\/strong><\/p>\n<p>L\u2019association a pour but\u00a0:<\/p>\n<ul>\n<li>de regrouper l\u2019ensemble des parents d\u2019\u00e9l\u00e8ves au sein du groupe scolaire Schuman,<\/li>\n<li>de rassembler, pr\u00e9senter ou \u00e9diter, \u00e0 l&rsquo;intention des familles toute documentation relative aux \u00e9tudes et \u00e0 la vie de l&rsquo;\u00e9cole,<\/li>\n<li>de b\u00e2tir un partenariat et d\u2019assurer une liaison avec les autorit\u00e9s comp\u00e9tentes en charge des conditions de vie scolaire et p\u00e9riscolaire (les collectivit\u00e9s territoriales, les \u00e9lus locaux, les transporteurs, le secteur associatif, sportif et culturel, les diff\u00e9rentes associations de parents d\u2019\u00e9l\u00e8ves des \u00e9coles primaires du secteur),<\/li>\n<li>de mener une r\u00e9flexion \u00e0 l\u2019am\u00e9lioration des conditions de scolarit\u00e9 des enfants, de faire des propositions concr\u00e8tes aux autorit\u00e9s comp\u00e9tentes et d\u2019en suivre la r\u00e9alisation,<\/li>\n<li>de participer \u00e0 toute action \u00e9ducative, informative et culturelle, dans l\u2019int\u00e9r\u00eat des enfants.<\/li>\n<\/ul>\n<p><strong><em>Article 3\u00a0: Si\u00e8ge social<\/em><\/strong><\/p>\n<p>Son si\u00e8ge est fix\u00e9 au 3 rue Jeanne d&rsquo;Arc\u00a059350 Saint Andr\u00e9 Lez Lille.<\/p>\n<p>Il pourra \u00eatre transf\u00e9r\u00e9 dans tout autre endroit de la ville par une d\u00e9cision du Conseil d\u2019Administration.<\/p>\n<p><strong><em>Article 4\u00a0: Admission<\/em><\/strong><\/p>\n<p>Peut faire partie de l\u2019association en tant que membre actif toute personne\u00a0:<\/p>\n<ul>\n<li>ayant effectivement la charge d\u2019un enfant \u00e9l\u00e8ve du groupe scolaire Schuman,<\/li>\n<li>s\u2019engageant \u00e0 poursuivre le but de l\u2019association d\u00e9fini dans l\u2019article 2 des pr\u00e9sents statuts,<\/li>\n<li>s\u2019acquittant de la cotisation annuelle.<\/li>\n<\/ul>\n<p><strong><em>Article 5\u00a0: Les membres<\/em><\/strong><\/p>\n<p>L\u2019association peut nommer des membres d\u2019honneur qui pourront assister aux assembl\u00e9es g\u00e9n\u00e9rales, mais avec voix consultative seulement.<\/p>\n<p>Les adh\u00e9rents acquittent une cotisation annuelle fix\u00e9e par le r\u00e8glement int\u00e9rieur de l\u2019association.<\/p>\n<p><strong><em>Article 6\u00a0: Radiation<\/em><\/strong><\/p>\n<p>La qualit\u00e9 d\u2019adh\u00e9rent se perd\u00a0:<\/p>\n<ul>\n<li>par d\u00e9mission,<\/li>\n<li>par exclusion pour motifs graves prononc\u00e9e par le Conseil d\u2019administration qui aura pr\u00e9alablement entendu l\u2019int\u00e9ress\u00e9,<\/li>\n<li>d\u00e8s que l\u2019\u00e9l\u00e8ve quitte l\u2019\u00e9tablissement,<\/li>\n<li>par non paiement de la cotisation.<\/li>\n<\/ul>\n<p><strong><em>Article 7\u00a0: Ressources<\/em><\/strong><\/p>\n<p>Les ressources de l\u2019association se composent\u00a0:<\/p>\n<ul>\n<li>des cotisations et souscriptions de ses membres,<\/li>\n<li>des subventions re\u00e7ues des collectivit\u00e9s locales et des \u00e9tablissements publics,<\/li>\n<li>du produit des f\u00eates, manifestations et des actions men\u00e9es,<\/li>\n<li>des dons et lib\u00e9ralit\u00e9s.<\/li>\n<\/ul>\n<p><strong><em>Article 8\u00a0: Conseil d\u2019Administration<\/em><\/strong><\/p>\n<p>Tous les adh\u00e9rents de l\u2019association font partie du Conseil d\u2019Administration.<\/p>\n<p>Le conseil d\u2019Administration choisit parmi ses membres, un bureau comprenant au minimum un Pr\u00e9sident, un Secr\u00e9taire, un Tr\u00e9sorier, et \u00e9ventuellement un ou des Vice-Pr\u00e9sidents, un Secr\u00e9taire Adjoint, et un Tr\u00e9sorier Adjoint.<\/p>\n<p><strong><em>Article 9\u00a0: R\u00e9union du Conseil d\u2019Administration<\/em><\/strong><\/p>\n<p>Le conseil d\u2019Administration se r\u00e9unit au moins une fois par trimestre scolaire, sur convocation du Pr\u00e9sident ou sur demande d\u2019un quart de ses membres.<\/p>\n<p>Les d\u00e9cisions du Conseil d\u2019Administration sont prises \u00e0 la majorit\u00e9 des membres pr\u00e9sents. En cas de partage \u00e9gal des voix, celle du Pr\u00e9sident est pr\u00e9pond\u00e9rante.<\/p>\n<p>Le bureau, repr\u00e9sentant l\u00e9gal de l\u2019association, peut d\u00e9l\u00e9guer tout ou partie de ses pouvoirs \u00e0 l\u2019un ou plusieurs membres du conseil d\u2019administration pour le repr\u00e9senter.<\/p>\n<p><strong><em>Article 10\u00a0: Assembl\u00e9e G\u00e9n\u00e9rale Ordinaire<\/em><\/strong><\/p>\n<p>L\u2019assembl\u00e9e g\u00e9n\u00e9rale ordinaire comprend tous les membres de l\u2019association.<\/p>\n<p>L\u2019assembl\u00e9e g\u00e9n\u00e9rale se r\u00e9unit chaque ann\u00e9e au premier trimestre scolaire sur convocation du bureau.<\/p>\n<p>Au moins quinze jours avant la date fix\u00e9e, les membres de l\u2019association sont convoqu\u00e9s par le secr\u00e9taire. L\u2019ordre du jour est indiqu\u00e9 sur les convocations.<\/p>\n<p>L\u2019assembl\u00e9e g\u00e9n\u00e9rale d\u00e9lib\u00e8re quelque soit le nombre de membres pr\u00e9sents.<\/p>\n<p>Les d\u00e9cisions de l\u2019assembl\u00e9e g\u00e9n\u00e9rale sont prises \u00e0 la majorit\u00e9 des membres pr\u00e9sents. En cas de partage \u00e9gal des voix, celle du Pr\u00e9sident est pr\u00e9pond\u00e9rante.<\/p>\n<p>Le pr\u00e9sident assist\u00e9 des membres du Conseil d\u2019Administration pr\u00e9side l\u2019assembl\u00e9e et soumet le rapport moral \u00e0 l\u2019approbation de l\u2019assembl\u00e9e.<\/p>\n<p>Le tr\u00e9sorier rend compte de sa gestion annuelle et soumet le bilan \u00e0 l\u2019approbation de l\u2019assembl\u00e9e.<\/p>\n<p>Il est proc\u00e9d\u00e9, apr\u00e8s \u00e9puisement de l\u2019ordre du jour, au remplacement, \u00e0 bulletin secret, des membres du bureau sortants.<\/p>\n<p>Ne devront \u00eatre trait\u00e9es, lors de l\u2019assembl\u00e9e g\u00e9n\u00e9rale, que les questions soumises \u00e0 l\u2019ordre du jour.<\/p>\n<p><strong><em>Article 11\u00a0: Assembl\u00e9e G\u00e9n\u00e9rale Extraordinaire<\/em><\/strong><\/p>\n<p>Des assembl\u00e9es g\u00e9n\u00e9rales extraordinaires peuvent \u00eatre convoqu\u00e9es par le Conseil d\u2019Administration ou \u00e0 la requ\u00eate d\u2019un quart des membres de l\u2019association suivant les formalit\u00e9s pr\u00e9vues par l\u2019article 10.<\/p>\n<p><strong><em>Article 12\u00a0: Modification des statuts<\/em><\/strong><\/p>\n<p>Les statuts peuvent \u00eatre modifi\u00e9s par une assembl\u00e9e g\u00e9n\u00e9rale soit sur proposition du bureau, soit sur demande faite par le quart des membres au moins, \u00e0 condition que cette demande soit d\u00e9pos\u00e9e dans les mains du Pr\u00e9sident au moins un mois \u00e0 l\u2019avance.<\/p>\n<p><strong><em>Article 13\u00a0: Dissolution<\/em><\/strong><\/p>\n<p>L\u2019assembl\u00e9e g\u00e9n\u00e9rale appel\u00e9e \u00e0 se prononcer sur la dissolution de l\u2019association est convoqu\u00e9e sp\u00e9cialement \u00e0 cet effet, et doit comprendre au moins les trois quarts des membres actifs.<\/p>\n<p>Si cette proposition n\u2019est pas atteinte, l\u2019assembl\u00e9e g\u00e9n\u00e9rale est convoqu\u00e9e \u00e0 nouveau, \u00e0 quinze jours d\u2019intervalle, et cette fois, elle peut valablement d\u00e9lib\u00e9rer quelque soit le nombre de membres pr\u00e9sents.<\/p>\n<p>Dans le cas de dissolution de l\u2019association, le solde des actifs bancaires sera alors obligatoirement revers\u00e9 au groupe scolaire Schuman.<\/p>\n<p><strong><em>Article 14\u00a0: Le r\u00e8glement int\u00e9rieur<\/em><\/strong><\/p>\n<p>Un r\u00e8glement int\u00e9rieur pr\u00e9cisant les conditions d\u2019administration int\u00e9rieure et toutes les dispositions de d\u00e9tails propres \u00e0 assurer la pleine ex\u00e9cution des pr\u00e9sents statuts pourra \u00eatre adopt\u00e9 par une assembl\u00e9e g\u00e9n\u00e9rale ordinaire sur proposition du bureau ou d\u2019un quart des membres du conseil d\u2019administration.<\/p>\n<p><span style=\"color: #000000;\">\u00a0<\/span><span style=\"color: #3366ff;\"><br \/>\n<a href=\"http:\/\/adpegroupeschuman.fr\/page\/2015\/09\/reprasso\/\"><img loading=\"lazy\" decoding=\"async\" class=\"wp-image-1322 aligncenter\" src=\"http:\/\/adpegroupeschuman.fr\/page\/wp-content\/uploads\/2011\/03\/Bureau.jpg\" alt=\"Bureau\" width=\"265\" height=\"198\" srcset=\"http:\/\/adpegroupeschuman.fr\/page\/wp-content\/uploads\/2011\/03\/Bureau.jpg 428w, http:\/\/adpegroupeschuman.fr\/page\/wp-content\/uploads\/2011\/03\/Bureau-300x225.jpg 300w, http:\/\/adpegroupeschuman.fr\/page\/wp-content\/uploads\/2011\/03\/Bureau-100x75.jpg 100w, http:\/\/adpegroupeschuman.fr\/page\/wp-content\/uploads\/2011\/03\/Bureau-150x113.jpg 150w, http:\/\/adpegroupeschuman.fr\/page\/wp-content\/uploads\/2011\/03\/Bureau-200x150.jpg 200w\" sizes=\"(max-width: 265px) 100vw, 265px\" \/><\/a><\/span><\/p>\n","protected":false},"excerpt":{"rendered":"<p>STATUTS &nbsp; ASSOCIATION DES PARENTS D\u2019ELEVES GROUPE SCOLAIRE SCHUMAN \u2013 SAINT ANDRE LEZ LILLE Article 1\u00a0: D\u00e9nomination Entre les parents des \u00e9l\u00e8ves du groupe scolaire Schuman de Saint-Andr\u00e9-Lez-Lille (59350) qui adh\u00e8rent aux pr\u00e9sents statuts est fond\u00e9e une association r\u00e9gie par &hellip;<\/p>\n<p class=\"read-more\"> <a class=\"more-link\" href=\"http:\/\/adpegroupeschuman.fr\/page\/2011\/03\/statut-de-lassociation\/\"> <span class=\"screen-reader-text\">Statut de l&rsquo;Association<\/span> Read More &raquo;<\/a><\/p>\n","protected":false},"author":1,"featured_media":0,"comment_status":"closed","ping_status":"open","sticky":false,"template":"","format":"standard","meta":{"footnotes":""},"categories":[43],"tags":[],"_links":{"self":[{"href":"http:\/\/adpegroupeschuman.fr\/page\/wp-json\/wp\/v2\/posts\/474"}],"collection":[{"href":"http:\/\/adpegroupeschuman.fr\/page\/wp-json\/wp\/v2\/posts"}],"about":[{"href":"http:\/\/adpegroupeschuman.fr\/page\/wp-json\/wp\/v2\/types\/post"}],"author":[{"embeddable":true,"href":"http:\/\/adpegroupeschuman.fr\/page\/wp-json\/wp\/v2\/users\/1"}],"replies":[{"embeddable":true,"href":"http:\/\/adpegroupeschuman.fr\/page\/wp-json\/wp\/v2\/comments?post=474"}],"version-history":[{"count":9,"href":"http:\/\/adpegroupeschuman.fr\/page\/wp-json\/wp\/v2\/posts\/474\/revisions"}],"predecessor-version":[{"id":1326,"href":"http:\/\/adpegroupeschuman.fr\/page\/wp-json\/wp\/v2\/posts\/474\/revisions\/1326"}],"wp:attachment":[{"href":"http:\/\/adpegroupeschuman.fr\/page\/wp-json\/wp\/v2\/media?parent=474"}],"wp:term":[{"taxonomy":"category","embeddable":true,"href":"http:\/\/adpegroupeschuman.fr\/page\/wp-json\/wp\/v2\/categories?post=474"},{"taxonomy":"post_tag","embeddable":true,"href":"http:\/\/adpegroupeschuman.fr\/page\/wp-json\/wp\/v2\/tags?post=474"}],"curies":[{"name":"wp","href":"https:\/\/api.w.org\/{rel}","templated":true}]}}