{"id":466,"date":"2011-02-27T20:22:02","date_gmt":"2011-02-27T20:22:02","guid":{"rendered":"http:\/\/adpegroupeschuman.fr\/page\/2011\/02\/lesarbreshiver\/"},"modified":"2011-02-27T20:22:02","modified_gmt":"2011-02-27T20:22:02","slug":"lesarbreshiver","status":"publish","type":"post","link":"http:\/\/adpegroupeschuman.fr\/page\/2011\/02\/lesarbreshiver\/","title":{"rendered":"Les arbres d&rsquo;hiver"},"content":{"rendered":"<p style=\"margin-bottom: 0cm; text-align: center;\"><strong><span style=\"text-decoration: underline;\">Arts plastiques en MS: les arbres d&rsquo;hiver.<\/span><\/strong><\/p>\n<p style=\"margin-bottom: 0cm;\">\u00a0<\/p>\n<p style=\"text-align: center;\"><img loading=\"lazy\" decoding=\"async\" class=\" size-full wp-image-464\" src=\"http:\/\/adpegroupeschuman.fr\/page\/wp-content\/uploads\/2011\/02\/DesbordeValmore_2010_ms_arbres2b.jpg\" border=\"0\" width=\"230\" height=\"156\" \/><\/p>\n<p style=\"margin-bottom: 0cm;\">Th\u00e8me transversal sur l&rsquo;ann\u00e9e. En d\u00e9couverte du vivant (observation, dessins d&rsquo;observation, croissance des v\u00e9g\u00e9taux), se rep\u00e9rer dans le temps (les saisons), langage (travail sur des imagiers, acquisition de vocabulaire). En liaison avec le projet d&rsquo;\u00e9cole: environnement<\/p>\n<p style=\"margin-bottom: 0cm;\">\u00a0<\/p>\n<p style=\"margin-bottom: 0cm;\">En arts plastiques observations d&rsquo;oeuvres impressionnistes de <a href=\"http:\/\/www.universdesarts.fr\/biographie\/24\/monet-claude.html\">Monet<\/a> et <a href=\"http:\/\/www.universdesarts.fr\/biographie\/51\/sisley-alfred.html\">Sisley<\/a> (paysages sous la neige), trouver la palette de couleurs utilis\u00e9e par les peintres \u2192 gouaches au chevalet.<\/p>\n<p style=\"margin-bottom: 0cm;\">Travail sur diff\u00e9rentes fa\u00e7ons de rendre la neige<\/p>\n<ul>\n<li>sur fond color\u00e9<\/li>\n<li>en utilisant de la gomme de r\u00e9serve<\/li>\n<li>en relief avec des boulettes de papier de soie.<\/li>\n<li>en relief en travaillant la mati\u00e8re en m\u00eame temps, r\u00e9investissement de diff\u00e9rentes techniques plastiques et adaptation au travail de la mati\u00e8re (p\u00e2te compacte travaill\u00e9e au couteau et \u00e0 la fourchette en plastique.)<\/li>\n<\/ul>\n<p>\u00a0<\/p>\n<p style=\"text-align: center;\"><img loading=\"lazy\" decoding=\"async\" class=\" size-full wp-image-465\" src=\"http:\/\/adpegroupeschuman.fr\/page\/wp-content\/uploads\/2011\/02\/DesbordeValmore_2010_ms_arbres1b.jpg\" border=\"0\" width=\"0\" height=\"0\" \/><\/p>\n","protected":false},"excerpt":{"rendered":"<p>Arts plastiques en MS: les arbres d&rsquo;hiver. \u00a0 Th\u00e8me transversal sur l&rsquo;ann\u00e9e. En d\u00e9couverte du vivant (observation, dessins d&rsquo;observation, croissance des v\u00e9g\u00e9taux), se rep\u00e9rer dans le temps (les saisons), langage (travail sur des imagiers, acquisition de vocabulaire). En liaison avec &hellip;<\/p>\n<p class=\"read-more\"> <a class=\"more-link\" href=\"http:\/\/adpegroupeschuman.fr\/page\/2011\/02\/lesarbreshiver\/\"> <span class=\"screen-reader-text\">Les arbres d&rsquo;hiver<\/span> Read More &raquo;<\/a><\/p>\n","protected":false},"author":1,"featured_media":0,"comment_status":"closed","ping_status":"open","sticky":false,"template":"","format":"standard","meta":{"footnotes":""},"categories":[8],"tags":[],"_links":{"self":[{"href":"http:\/\/adpegroupeschuman.fr\/page\/wp-json\/wp\/v2\/posts\/466"}],"collection":[{"href":"http:\/\/adpegroupeschuman.fr\/page\/wp-json\/wp\/v2\/posts"}],"about":[{"href":"http:\/\/adpegroupeschuman.fr\/page\/wp-json\/wp\/v2\/types\/post"}],"author":[{"embeddable":true,"href":"http:\/\/adpegroupeschuman.fr\/page\/wp-json\/wp\/v2\/users\/1"}],"replies":[{"embeddable":true,"href":"http:\/\/adpegroupeschuman.fr\/page\/wp-json\/wp\/v2\/comments?post=466"}],"version-history":[{"count":0,"href":"http:\/\/adpegroupeschuman.fr\/page\/wp-json\/wp\/v2\/posts\/466\/revisions"}],"wp:attachment":[{"href":"http:\/\/adpegroupeschuman.fr\/page\/wp-json\/wp\/v2\/media?parent=466"}],"wp:term":[{"taxonomy":"category","embeddable":true,"href":"http:\/\/adpegroupeschuman.fr\/page\/wp-json\/wp\/v2\/categories?post=466"},{"taxonomy":"post_tag","embeddable":true,"href":"http:\/\/adpegroupeschuman.fr\/page\/wp-json\/wp\/v2\/tags?post=466"}],"curies":[{"name":"wp","href":"https:\/\/api.w.org\/{rel}","templated":true}]}}