{"id":432,"date":"2015-09-17T23:00:46","date_gmt":"2015-09-17T23:00:46","guid":{"rendered":"http:\/\/adpegroupeschuman.fr\/page\/2010\/11\/reprasso\/"},"modified":"2017-01-04T15:42:08","modified_gmt":"2017-01-04T15:42:08","slug":"reprasso","status":"publish","type":"post","link":"http:\/\/adpegroupeschuman.fr\/page\/2015\/09\/reprasso\/","title":{"rendered":"Repr\u00e9sentants de l&rsquo;association ADPE"},"content":{"rendered":"<p style=\"text-align: center;\"><span style=\"color: #ff0000;\"><strong>Les membres du Conseil d&rsquo;administration (CA) se sont r\u00e9unis pour \u00e9lire le nouveau bureau 2016-2017 suite \u00e0 l&rsquo;assembl\u00e9e g\u00e9n\u00e9rale du 23\u00a0septembre 2016 :<\/strong><\/span><\/p>\n<p style=\"text-align: center;\"><strong>\u00a0<strong>S\u00e9bastien Deconinck<\/strong>\u00a0: Pr\u00e9sident<\/strong><\/p>\n<p style=\"text-align: center;\"><a href=\"http:\/\/adpegroupeschuman.fr\/page\/wp-content\/uploads\/2010\/11\/pasdephoto1.jpg\"><img loading=\"lazy\" decoding=\"async\" class=\"alignnone wp-image-992\" src=\"http:\/\/adpegroupeschuman.fr\/page\/wp-content\/uploads\/2010\/11\/pasdephoto1.jpg\" alt=\"pasdephoto\" width=\"102\" height=\"118\" srcset=\"http:\/\/adpegroupeschuman.fr\/page\/wp-content\/uploads\/2010\/11\/pasdephoto1.jpg 160w, http:\/\/adpegroupeschuman.fr\/page\/wp-content\/uploads\/2010\/11\/pasdephoto1-100x116.jpg 100w, http:\/\/adpegroupeschuman.fr\/page\/wp-content\/uploads\/2010\/11\/pasdephoto1-150x173.jpg 150w\" sizes=\"(max-width: 102px) 100vw, 102px\" \/><\/a><\/p>\n<hr \/>\n<p style=\"text-align: center;\"><strong>\u00a0Xavier Gehin: Vice Pr\u00e9sident<\/strong><\/p>\n<p style=\"text-align: center;\"><a href=\"http:\/\/adpegroupeschuman.fr\/page\/wp-content\/uploads\/2010\/11\/pasdephoto1.jpg\"><img loading=\"lazy\" decoding=\"async\" class=\"alignnone wp-image-992\" src=\"http:\/\/adpegroupeschuman.fr\/page\/wp-content\/uploads\/2010\/11\/pasdephoto1.jpg\" alt=\"pasdephoto\" width=\"102\" height=\"118\" srcset=\"http:\/\/adpegroupeschuman.fr\/page\/wp-content\/uploads\/2010\/11\/pasdephoto1.jpg 160w, http:\/\/adpegroupeschuman.fr\/page\/wp-content\/uploads\/2010\/11\/pasdephoto1-100x116.jpg 100w, http:\/\/adpegroupeschuman.fr\/page\/wp-content\/uploads\/2010\/11\/pasdephoto1-150x173.jpg 150w\" sizes=\"(max-width: 102px) 100vw, 102px\" \/><\/a><\/p>\n<hr \/>\n<p style=\"text-align: center;\"><strong>Sandrine Muller: \u00a0Tr\u00e9sori\u00e8re<\/strong><\/p>\n<p style=\"text-align: center;\"><a href=\"http:\/\/adpegroupeschuman.fr\/page\/wp-content\/uploads\/2010\/11\/pasdephoto1.jpg\"><img loading=\"lazy\" decoding=\"async\" class=\"alignnone wp-image-992\" src=\"http:\/\/adpegroupeschuman.fr\/page\/wp-content\/uploads\/2010\/11\/pasdephoto1.jpg\" alt=\"pasdephoto\" width=\"102\" height=\"118\" srcset=\"http:\/\/adpegroupeschuman.fr\/page\/wp-content\/uploads\/2010\/11\/pasdephoto1.jpg 160w, http:\/\/adpegroupeschuman.fr\/page\/wp-content\/uploads\/2010\/11\/pasdephoto1-100x116.jpg 100w, http:\/\/adpegroupeschuman.fr\/page\/wp-content\/uploads\/2010\/11\/pasdephoto1-150x173.jpg 150w\" sizes=\"(max-width: 102px) 100vw, 102px\" \/><\/a><\/p>\n<p style=\"text-align: center;\"><strong>Fr\u00e9d\u00e9ric Lounes:\u00a0Tr\u00e9sori\u00e8re adjoint<\/strong><\/p>\n<p style=\"text-align: center;\"><a href=\"http:\/\/adpegroupeschuman.fr\/page\/wp-content\/uploads\/2010\/11\/pasdephoto1.jpg\"><img loading=\"lazy\" decoding=\"async\" class=\"alignnone wp-image-992\" src=\"http:\/\/adpegroupeschuman.fr\/page\/wp-content\/uploads\/2010\/11\/pasdephoto1.jpg\" alt=\"pasdephoto\" width=\"102\" height=\"118\" srcset=\"http:\/\/adpegroupeschuman.fr\/page\/wp-content\/uploads\/2010\/11\/pasdephoto1.jpg 160w, http:\/\/adpegroupeschuman.fr\/page\/wp-content\/uploads\/2010\/11\/pasdephoto1-100x116.jpg 100w, http:\/\/adpegroupeschuman.fr\/page\/wp-content\/uploads\/2010\/11\/pasdephoto1-150x173.jpg 150w\" sizes=\"(max-width: 102px) 100vw, 102px\" \/><\/a><\/p>\n<hr \/>\n<p style=\"text-align: center;\"><strong>\u00a0Maud Tanghe : Secr\u00e9taire<br \/>\n<\/strong><\/p>\n<p style=\"text-align: center;\"><a href=\"http:\/\/adpegroupeschuman.fr\/page\/wp-content\/uploads\/2010\/11\/pasdephoto1.jpg\"><img loading=\"lazy\" decoding=\"async\" class=\"alignnone wp-image-992\" src=\"http:\/\/adpegroupeschuman.fr\/page\/wp-content\/uploads\/2010\/11\/pasdephoto1.jpg\" alt=\"pasdephoto\" width=\"102\" height=\"118\" srcset=\"http:\/\/adpegroupeschuman.fr\/page\/wp-content\/uploads\/2010\/11\/pasdephoto1.jpg 160w, http:\/\/adpegroupeschuman.fr\/page\/wp-content\/uploads\/2010\/11\/pasdephoto1-100x116.jpg 100w, http:\/\/adpegroupeschuman.fr\/page\/wp-content\/uploads\/2010\/11\/pasdephoto1-150x173.jpg 150w\" sizes=\"(max-width: 102px) 100vw, 102px\" \/><\/a><\/p>\n<p style=\"text-align: center;\"><strong>Anne-Sophie Dennin\u00a0: Secr\u00e9taire Adjointe<br \/>\n<\/strong><\/p>\n<p><a href=\"http:\/\/adpegroupeschuman.fr\/page\/wp-content\/uploads\/2010\/11\/pasdephoto1.jpg\"><img loading=\"lazy\" decoding=\"async\" class=\"alignnone wp-image-992 aligncenter\" src=\"http:\/\/adpegroupeschuman.fr\/page\/wp-content\/uploads\/2010\/11\/pasdephoto1.jpg\" alt=\"pasdephoto\" width=\"102\" height=\"118\" srcset=\"http:\/\/adpegroupeschuman.fr\/page\/wp-content\/uploads\/2010\/11\/pasdephoto1.jpg 160w, http:\/\/adpegroupeschuman.fr\/page\/wp-content\/uploads\/2010\/11\/pasdephoto1-100x116.jpg 100w, http:\/\/adpegroupeschuman.fr\/page\/wp-content\/uploads\/2010\/11\/pasdephoto1-150x173.jpg 150w\" sizes=\"(max-width: 102px) 100vw, 102px\" \/><\/a><\/p>\n<hr \/>\n<p style=\"text-align: center;\">\n<p style=\"text-align: center;\"><a href=\"http:\/\/adpegroupeschuman.fr\/page\/contacter-le-bureau\/\"><img loading=\"lazy\" decoding=\"async\" class=\"alignnone wp-image-1205\" src=\"http:\/\/adpegroupeschuman.fr\/page\/wp-content\/uploads\/2015\/08\/contacterNous.jpg\" alt=\"contacterNous\" width=\"128\" height=\"128\" srcset=\"http:\/\/adpegroupeschuman.fr\/page\/wp-content\/uploads\/2015\/08\/contacterNous.jpg 225w, http:\/\/adpegroupeschuman.fr\/page\/wp-content\/uploads\/2015\/08\/contacterNous-150x150.jpg 150w, http:\/\/adpegroupeschuman.fr\/page\/wp-content\/uploads\/2015\/08\/contacterNous-100x100.jpg 100w, http:\/\/adpegroupeschuman.fr\/page\/wp-content\/uploads\/2015\/08\/contacterNous-200x200.jpg 200w\" sizes=\"(max-width: 128px) 100vw, 128px\" \/><\/a><\/p>\n","protected":false},"excerpt":{"rendered":"<p>Les membres du Conseil d&rsquo;administration (CA) se sont r\u00e9unis pour \u00e9lire le nouveau bureau 2016-2017 suite \u00e0 l&rsquo;assembl\u00e9e g\u00e9n\u00e9rale du 23\u00a0septembre 2016 : \u00a0S\u00e9bastien Deconinck\u00a0: Pr\u00e9sident \u00a0Xavier Gehin: Vice Pr\u00e9sident Sandrine Muller: \u00a0Tr\u00e9sori\u00e8re Fr\u00e9d\u00e9ric Lounes:\u00a0Tr\u00e9sori\u00e8re adjoint \u00a0Maud Tanghe : Secr\u00e9taire &hellip;<\/p>\n<p class=\"read-more\"> <a class=\"more-link\" href=\"http:\/\/adpegroupeschuman.fr\/page\/2015\/09\/reprasso\/\"> <span class=\"screen-reader-text\">Repr\u00e9sentants de l&rsquo;association ADPE<\/span> Read More &raquo;<\/a><\/p>\n","protected":false},"author":1,"featured_media":0,"comment_status":"closed","ping_status":"open","sticky":false,"template":"","format":"standard","meta":{"footnotes":""},"categories":[43,21],"tags":[],"_links":{"self":[{"href":"http:\/\/adpegroupeschuman.fr\/page\/wp-json\/wp\/v2\/posts\/432"}],"collection":[{"href":"http:\/\/adpegroupeschuman.fr\/page\/wp-json\/wp\/v2\/posts"}],"about":[{"href":"http:\/\/adpegroupeschuman.fr\/page\/wp-json\/wp\/v2\/types\/post"}],"author":[{"embeddable":true,"href":"http:\/\/adpegroupeschuman.fr\/page\/wp-json\/wp\/v2\/users\/1"}],"replies":[{"embeddable":true,"href":"http:\/\/adpegroupeschuman.fr\/page\/wp-json\/wp\/v2\/comments?post=432"}],"version-history":[{"count":13,"href":"http:\/\/adpegroupeschuman.fr\/page\/wp-json\/wp\/v2\/posts\/432\/revisions"}],"predecessor-version":[{"id":1569,"href":"http:\/\/adpegroupeschuman.fr\/page\/wp-json\/wp\/v2\/posts\/432\/revisions\/1569"}],"wp:attachment":[{"href":"http:\/\/adpegroupeschuman.fr\/page\/wp-json\/wp\/v2\/media?parent=432"}],"wp:term":[{"taxonomy":"category","embeddable":true,"href":"http:\/\/adpegroupeschuman.fr\/page\/wp-json\/wp\/v2\/categories?post=432"},{"taxonomy":"post_tag","embeddable":true,"href":"http:\/\/adpegroupeschuman.fr\/page\/wp-json\/wp\/v2\/tags?post=432"}],"curies":[{"name":"wp","href":"https:\/\/api.w.org\/{rel}","templated":true}]}}