{"id":430,"date":"2012-08-19T23:00:00","date_gmt":"2012-08-19T23:00:00","guid":{"rendered":"http:\/\/adpegroupeschuman.fr\/page\/2012\/08\/calendrier\/"},"modified":"2017-01-04T16:03:06","modified_gmt":"2017-01-04T16:03:06","slug":"calendrier","status":"publish","type":"post","link":"http:\/\/adpegroupeschuman.fr\/page\/2012\/08\/calendrier\/","title":{"rendered":"Calendrier scolaire"},"content":{"rendered":"<p style=\"text-align: center;\"><img loading=\"lazy\" decoding=\"async\" class=\"alignnone size-full wp-image-1226\" src=\"http:\/\/adpegroupeschuman.fr\/page\/wp-content\/uploads\/2012\/08\/calenScol.jpg\" alt=\"calenScol\" width=\"251\" height=\"109\" srcset=\"http:\/\/adpegroupeschuman.fr\/page\/wp-content\/uploads\/2012\/08\/calenScol.jpg 251w, http:\/\/adpegroupeschuman.fr\/page\/wp-content\/uploads\/2012\/08\/calenScol-100x43.jpg 100w, http:\/\/adpegroupeschuman.fr\/page\/wp-content\/uploads\/2012\/08\/calenScol-150x65.jpg 150w, http:\/\/adpegroupeschuman.fr\/page\/wp-content\/uploads\/2012\/08\/calenScol-200x87.jpg 200w\" sizes=\"(max-width: 251px) 100vw, 251px\" \/><\/p>\n<h2 style=\"text-align: center;\"><span style=\"color: #ff6600;\">R\u00e9partition des zones\u00a0<\/span><\/h2>\n<p style=\"text-align: center;\"><a href=\"http:\/\/www.education.gouv.fr\/cid87910\/calendrier-scolaire-pour-les-annees-2015-2016-2016-2017-2017-2018.html\" target=\"_blank\">ref: lien<\/a><\/p>\n<p><img loading=\"lazy\" decoding=\"async\" class=\"wp-image-1224 aligncenter\" src=\"http:\/\/adpegroupeschuman.fr\/page\/wp-content\/uploads\/2012\/08\/NewRepartitionZone.jpg\" alt=\"NewRepartitionZone\" width=\"499\" height=\"619\" srcset=\"http:\/\/adpegroupeschuman.fr\/page\/wp-content\/uploads\/2012\/08\/NewRepartitionZone.jpg 604w, http:\/\/adpegroupeschuman.fr\/page\/wp-content\/uploads\/2012\/08\/NewRepartitionZone-242x300.jpg 242w, http:\/\/adpegroupeschuman.fr\/page\/wp-content\/uploads\/2012\/08\/NewRepartitionZone-100x124.jpg 100w, http:\/\/adpegroupeschuman.fr\/page\/wp-content\/uploads\/2012\/08\/NewRepartitionZone-150x186.jpg 150w, http:\/\/adpegroupeschuman.fr\/page\/wp-content\/uploads\/2012\/08\/NewRepartitionZone-200x248.jpg 200w, http:\/\/adpegroupeschuman.fr\/page\/wp-content\/uploads\/2012\/08\/NewRepartitionZone-300x372.jpg 300w, http:\/\/adpegroupeschuman.fr\/page\/wp-content\/uploads\/2012\/08\/NewRepartitionZone-450x558.jpg 450w, http:\/\/adpegroupeschuman.fr\/page\/wp-content\/uploads\/2012\/08\/NewRepartitionZone-600x744.jpg 600w\" sizes=\"(max-width: 499px) 100vw, 499px\" \/><\/p>\n<p>&nbsp;<\/p>\n<p><span style=\"color: #00ccff;\"><strong><span style=\"text-decoration: underline;\">Zone B<\/span><\/strong><\/span><\/p>\n<table id=\"calendrier\" style=\"text-align: center;\" border=\"0\">\n<thead>\n<tr>\n<td colspan=\"3\"><span style=\"font-size: small;\"><span style=\"color: #3366ff;\">Aix-Marseille ,\u00a0 Amiens , \u00a0Caen, \u00a0 Lille, \u00a0Nancy-Metz, Nantes ,\u00a0 Nice ,\u00a0 Orl\u00e9ans-Tours,\u00a0 Reims ,\u00a0 Rouen ,\u00a0 Strasbourg<\/span><\/span><\/td>\n<\/tr>\n<\/thead>\n<\/table>\n<p>&nbsp;<\/p>\n<table style=\"background-color: #ece9ea; text-align: center; width: 590px; height: 426px;\" border=\"1\" summary=\"Calendrier scolaire de la zone14\">\n<tbody>\n<tr style=\"text-align: left;\">\n<td>\n<p style=\"text-align: center;\"><span style=\"font-size: small;\">Rentr\u00e9e scolaire des enseignants<\/span><\/p>\n<\/td>\n<td style=\"text-align: center;\" colspan=\"2\"><strong><span style=\"font-size: small;\">Mercredi 31 ao\u00fbt\u00a0\u00a02016<\/span><\/strong><\/td>\n<\/tr>\n<tr>\n<td>\n<p style=\"text-align: center;\"><span style=\"font-size: small;\"> Rentr\u00e9e scolaire des \u00e9l\u00e8ves<\/span><\/p>\n<\/td>\n<td colspan=\"2\">\n<p style=\"text-align: center;\"><span style=\"font-size: small;\">Jeudi 1 septembre 2016<\/span><\/p>\n<\/td>\n<\/tr>\n<tr style=\"text-align: left;\">\n<td><span style=\"font-size: small;\">Vacances de la Toussaint<\/span><\/td>\n<td><strong><span style=\"font-size: small;\">Mercredi\u00a019 octobre 2016<\/span><\/strong><\/td>\n<td><strong><span style=\"font-size: small;\">Jeudi \u00a03 novembre 2016<\/span><\/strong><\/td>\n<\/tr>\n<tr>\n<td>\n<p style=\"text-align: left;\"><span style=\"font-size: small;\">Vacances de No\u00ebl<\/span><\/p>\n<\/td>\n<td><span style=\"font-size: small;\"> Samedi 17 d\u00e9cembre 2016<\/span><\/td>\n<td>\n<p style=\"text-align: left;\"><span style=\"font-size: small;\">mardi\u00a03 janvier 2017<\/span><\/p>\n<\/td>\n<\/tr>\n<tr>\n<td>\n<p style=\"text-align: left;\"><span style=\"font-size: small;\">Vacances d&rsquo;hiver<\/span><\/p>\n<\/td>\n<td>\n<p style=\"font-size: small; text-align: left;\"><strong><span style=\"font-size: small;\">Samedi \u00a011 f\u00e9vrier 2017<\/span><\/strong><\/p>\n<\/td>\n<td>\n<p style=\"text-align: left;\"><strong><span style=\"font-size: small;\"> Lundi 27 f\u00e9vrier\u00a02017<\/span><\/strong><\/p>\n<\/td>\n<\/tr>\n<tr>\n<td>\n<p style=\"text-align: left;\"><span style=\"font-size: small;\">Vacances de printemps<\/span><\/p>\n<\/td>\n<td>\n<p style=\"text-align: left;\"><span style=\"font-size: small;\">Samedi 8 avril 2017<\/span><\/p>\n<\/td>\n<td>\n<p style=\"text-align: left;\"><span style=\"font-size: small;\">lundi 24 avril 2017<\/span><\/p>\n<\/td>\n<\/tr>\n<tr>\n<td style=\"text-align: center;\">\n<p style=\"text-align: left;\"><span style=\"font-size: small;\">Vacances d&rsquo;\u00e9t\u00e9<\/span><\/p>\n<\/td>\n<td>\n<p style=\"text-align: center;\"><strong><span style=\"font-size: small;\">Samedi\u00a08 juillet 2017<\/span><\/strong><\/p>\n<\/td>\n<td><\/td>\n<\/tr>\n<\/tbody>\n<\/table>\n<p>&nbsp;<\/p>\n<ul style=\"text-align: center;\">\n<li>Le d\u00e9part en vacances a lieu apr\u00e8s la classe, la reprise des cours le matin des jours indiqu\u00e9s.<\/li>\n<\/ul>\n<p style=\"text-align: left;\"><span style=\"font-size: xx-small;\">\u00a0<\/span><\/p>\n","protected":false},"excerpt":{"rendered":"<p>R\u00e9partition des zones\u00a0 ref: lien &nbsp; Zone B Aix-Marseille ,\u00a0 Amiens , \u00a0Caen, \u00a0 Lille, \u00a0Nancy-Metz, Nantes ,\u00a0 Nice ,\u00a0 Orl\u00e9ans-Tours,\u00a0 Reims ,\u00a0 Rouen ,\u00a0 Strasbourg &nbsp; Rentr\u00e9e scolaire des enseignants Mercredi 31 ao\u00fbt\u00a0\u00a02016 Rentr\u00e9e scolaire des \u00e9l\u00e8ves Jeudi 1 &hellip;<\/p>\n<p class=\"read-more\"> <a class=\"more-link\" href=\"http:\/\/adpegroupeschuman.fr\/page\/2012\/08\/calendrier\/\"> <span class=\"screen-reader-text\">Calendrier scolaire<\/span> Read More &raquo;<\/a><\/p>\n","protected":false},"author":2,"featured_media":0,"comment_status":"closed","ping_status":"open","sticky":false,"template":"","format":"standard","meta":{"footnotes":""},"categories":[2],"tags":[],"_links":{"self":[{"href":"http:\/\/adpegroupeschuman.fr\/page\/wp-json\/wp\/v2\/posts\/430"}],"collection":[{"href":"http:\/\/adpegroupeschuman.fr\/page\/wp-json\/wp\/v2\/posts"}],"about":[{"href":"http:\/\/adpegroupeschuman.fr\/page\/wp-json\/wp\/v2\/types\/post"}],"author":[{"embeddable":true,"href":"http:\/\/adpegroupeschuman.fr\/page\/wp-json\/wp\/v2\/users\/2"}],"replies":[{"embeddable":true,"href":"http:\/\/adpegroupeschuman.fr\/page\/wp-json\/wp\/v2\/comments?post=430"}],"version-history":[{"count":7,"href":"http:\/\/adpegroupeschuman.fr\/page\/wp-json\/wp\/v2\/posts\/430\/revisions"}],"predecessor-version":[{"id":1572,"href":"http:\/\/adpegroupeschuman.fr\/page\/wp-json\/wp\/v2\/posts\/430\/revisions\/1572"}],"wp:attachment":[{"href":"http:\/\/adpegroupeschuman.fr\/page\/wp-json\/wp\/v2\/media?parent=430"}],"wp:term":[{"taxonomy":"category","embeddable":true,"href":"http:\/\/adpegroupeschuman.fr\/page\/wp-json\/wp\/v2\/categories?post=430"},{"taxonomy":"post_tag","embeddable":true,"href":"http:\/\/adpegroupeschuman.fr\/page\/wp-json\/wp\/v2\/tags?post=430"}],"curies":[{"name":"wp","href":"https:\/\/api.w.org\/{rel}","templated":true}]}}