{"id":1379,"date":"2015-12-06T17:37:21","date_gmt":"2015-12-06T17:37:21","guid":{"rendered":"http:\/\/adpegroupeschuman.fr\/page\/?p=1379"},"modified":"2015-12-26T11:38:39","modified_gmt":"2015-12-26T11:38:39","slug":"fete-de-lhiver-2015","status":"publish","type":"post","link":"http:\/\/adpegroupeschuman.fr\/page\/2015\/12\/fete-de-lhiver-2015\/","title":{"rendered":"F\u00eate de l&rsquo;hiver 2015"},"content":{"rendered":"<p><img loading=\"lazy\" decoding=\"async\" class=\"wp-image-1380 aligncenter\" src=\"http:\/\/adpegroupeschuman.fr\/page\/wp-content\/uploads\/2015\/12\/fetedelhiver.jpg\" alt=\"fetedel'hiver\" width=\"263\" height=\"230\" srcset=\"http:\/\/adpegroupeschuman.fr\/page\/wp-content\/uploads\/2015\/12\/fetedelhiver.jpg 492w, http:\/\/adpegroupeschuman.fr\/page\/wp-content\/uploads\/2015\/12\/fetedelhiver-300x263.jpg 300w, http:\/\/adpegroupeschuman.fr\/page\/wp-content\/uploads\/2015\/12\/fetedelhiver-100x88.jpg 100w, http:\/\/adpegroupeschuman.fr\/page\/wp-content\/uploads\/2015\/12\/fetedelhiver-150x131.jpg 150w, http:\/\/adpegroupeschuman.fr\/page\/wp-content\/uploads\/2015\/12\/fetedelhiver-200x175.jpg 200w, http:\/\/adpegroupeschuman.fr\/page\/wp-content\/uploads\/2015\/12\/fetedelhiver-450x394.jpg 450w\" sizes=\"(max-width: 263px) 100vw, 263px\" \/><\/p>\n<p>Le Vendredi 4 d\u00e9cembre dernier, l\u2019ADPE Schuman a renouvel\u00e9\u00a0 sa f\u00eate de l&rsquo;hiver !!!<\/p>\n<p><strong><span style=\"color: #ff00ff;\">G\u00e2teaux, friandises et boissons chaudes ou froides \u00e9taient au rendez vous.<\/span><\/strong><\/p>\n<p><img loading=\"lazy\" decoding=\"async\" class=\"alignnone size-full wp-image-1383\" src=\"http:\/\/adpegroupeschuman.fr\/page\/wp-content\/uploads\/2015\/12\/FeteHiver1516p1.jpg\" alt=\"FeteHiver1516p1\" width=\"933\" height=\"487\" srcset=\"http:\/\/adpegroupeschuman.fr\/page\/wp-content\/uploads\/2015\/12\/FeteHiver1516p1.jpg 933w, http:\/\/adpegroupeschuman.fr\/page\/wp-content\/uploads\/2015\/12\/FeteHiver1516p1-300x157.jpg 300w, http:\/\/adpegroupeschuman.fr\/page\/wp-content\/uploads\/2015\/12\/FeteHiver1516p1-100x52.jpg 100w, http:\/\/adpegroupeschuman.fr\/page\/wp-content\/uploads\/2015\/12\/FeteHiver1516p1-150x78.jpg 150w, http:\/\/adpegroupeschuman.fr\/page\/wp-content\/uploads\/2015\/12\/FeteHiver1516p1-200x104.jpg 200w, http:\/\/adpegroupeschuman.fr\/page\/wp-content\/uploads\/2015\/12\/FeteHiver1516p1-450x235.jpg 450w, http:\/\/adpegroupeschuman.fr\/page\/wp-content\/uploads\/2015\/12\/FeteHiver1516p1-600x313.jpg 600w, http:\/\/adpegroupeschuman.fr\/page\/wp-content\/uploads\/2015\/12\/FeteHiver1516p1-900x470.jpg 900w\" sizes=\"(max-width: 933px) 100vw, 933px\" \/> <a href=\"http:\/\/adpegroupeschuman.fr\/page\/wp-content\/uploads\/2015\/12\/FeteHiver1516p2.jpg\"><img loading=\"lazy\" decoding=\"async\" class=\"alignnone size-full wp-image-1384\" src=\"http:\/\/adpegroupeschuman.fr\/page\/wp-content\/uploads\/2015\/12\/FeteHiver1516p2.jpg\" alt=\"FeteHiver1516p2\" width=\"924\" height=\"388\" srcset=\"http:\/\/adpegroupeschuman.fr\/page\/wp-content\/uploads\/2015\/12\/FeteHiver1516p2.jpg 924w, http:\/\/adpegroupeschuman.fr\/page\/wp-content\/uploads\/2015\/12\/FeteHiver1516p2-300x126.jpg 300w, http:\/\/adpegroupeschuman.fr\/page\/wp-content\/uploads\/2015\/12\/FeteHiver1516p2-100x42.jpg 100w, http:\/\/adpegroupeschuman.fr\/page\/wp-content\/uploads\/2015\/12\/FeteHiver1516p2-150x63.jpg 150w, http:\/\/adpegroupeschuman.fr\/page\/wp-content\/uploads\/2015\/12\/FeteHiver1516p2-200x84.jpg 200w, http:\/\/adpegroupeschuman.fr\/page\/wp-content\/uploads\/2015\/12\/FeteHiver1516p2-450x189.jpg 450w, http:\/\/adpegroupeschuman.fr\/page\/wp-content\/uploads\/2015\/12\/FeteHiver1516p2-600x252.jpg 600w, http:\/\/adpegroupeschuman.fr\/page\/wp-content\/uploads\/2015\/12\/FeteHiver1516p2-900x378.jpg 900w\" sizes=\"(max-width: 924px) 100vw, 924px\" \/><\/a><\/p>\n<p><strong><span style=\"color: #ff00ff;\">Stand Maquillages:<\/span><\/strong><\/p>\n<p><img loading=\"lazy\" decoding=\"async\" class=\"alignnone size-full wp-image-1385\" src=\"http:\/\/adpegroupeschuman.fr\/page\/wp-content\/uploads\/2015\/12\/FeteHiver1516p3.jpg\" alt=\"FeteHiver1516p3\" width=\"1099\" height=\"327\" srcset=\"http:\/\/adpegroupeschuman.fr\/page\/wp-content\/uploads\/2015\/12\/FeteHiver1516p3.jpg 1099w, http:\/\/adpegroupeschuman.fr\/page\/wp-content\/uploads\/2015\/12\/FeteHiver1516p3-300x89.jpg 300w, http:\/\/adpegroupeschuman.fr\/page\/wp-content\/uploads\/2015\/12\/FeteHiver1516p3-1024x305.jpg 1024w, http:\/\/adpegroupeschuman.fr\/page\/wp-content\/uploads\/2015\/12\/FeteHiver1516p3-100x30.jpg 100w, http:\/\/adpegroupeschuman.fr\/page\/wp-content\/uploads\/2015\/12\/FeteHiver1516p3-150x45.jpg 150w, http:\/\/adpegroupeschuman.fr\/page\/wp-content\/uploads\/2015\/12\/FeteHiver1516p3-200x60.jpg 200w, http:\/\/adpegroupeschuman.fr\/page\/wp-content\/uploads\/2015\/12\/FeteHiver1516p3-450x134.jpg 450w, http:\/\/adpegroupeschuman.fr\/page\/wp-content\/uploads\/2015\/12\/FeteHiver1516p3-600x179.jpg 600w, http:\/\/adpegroupeschuman.fr\/page\/wp-content\/uploads\/2015\/12\/FeteHiver1516p3-900x268.jpg 900w\" sizes=\"(max-width: 1099px) 100vw, 1099px\" \/><\/p>\n<p><strong><span style=\"color: #ff00ff;\">Les enfants ont pu \u00eatre pris en photo avec Olaf, qui nous a fait le plaisir d&rsquo;\u00eatre parmi nous ..<\/span><\/strong>.<\/p>\n<p><a href=\"http:\/\/adpegroupeschuman.fr\/page\/wp-content\/uploads\/2015\/12\/FeteHiver1516p4.jpg\"><img loading=\"lazy\" decoding=\"async\" class=\"alignnone size-full wp-image-1386\" src=\"http:\/\/adpegroupeschuman.fr\/page\/wp-content\/uploads\/2015\/12\/FeteHiver1516p4.jpg\" alt=\"FeteHiver1516p4\" width=\"566\" height=\"433\" srcset=\"http:\/\/adpegroupeschuman.fr\/page\/wp-content\/uploads\/2015\/12\/FeteHiver1516p4.jpg 566w, http:\/\/adpegroupeschuman.fr\/page\/wp-content\/uploads\/2015\/12\/FeteHiver1516p4-300x230.jpg 300w, http:\/\/adpegroupeschuman.fr\/page\/wp-content\/uploads\/2015\/12\/FeteHiver1516p4-100x77.jpg 100w, http:\/\/adpegroupeschuman.fr\/page\/wp-content\/uploads\/2015\/12\/FeteHiver1516p4-150x115.jpg 150w, http:\/\/adpegroupeschuman.fr\/page\/wp-content\/uploads\/2015\/12\/FeteHiver1516p4-200x153.jpg 200w, http:\/\/adpegroupeschuman.fr\/page\/wp-content\/uploads\/2015\/12\/FeteHiver1516p4-450x344.jpg 450w\" sizes=\"(max-width: 566px) 100vw, 566px\" \/><\/a><\/p>\n<p><a href=\"http:\/\/adpegroupeschuman.fr\/page\/wp-content\/uploads\/2015\/12\/FeteHiver1516p5.jpg\"><img loading=\"lazy\" decoding=\"async\" class=\"alignnone wp-image-1387\" src=\"http:\/\/adpegroupeschuman.fr\/page\/wp-content\/uploads\/2015\/12\/FeteHiver1516p5.jpg\" alt=\"FeteHiver1516p5\" width=\"602\" height=\"448\" srcset=\"http:\/\/adpegroupeschuman.fr\/page\/wp-content\/uploads\/2015\/12\/FeteHiver1516p5.jpg 754w, http:\/\/adpegroupeschuman.fr\/page\/wp-content\/uploads\/2015\/12\/FeteHiver1516p5-300x223.jpg 300w, http:\/\/adpegroupeschuman.fr\/page\/wp-content\/uploads\/2015\/12\/FeteHiver1516p5-100x74.jpg 100w, http:\/\/adpegroupeschuman.fr\/page\/wp-content\/uploads\/2015\/12\/FeteHiver1516p5-150x112.jpg 150w, http:\/\/adpegroupeschuman.fr\/page\/wp-content\/uploads\/2015\/12\/FeteHiver1516p5-200x149.jpg 200w, http:\/\/adpegroupeschuman.fr\/page\/wp-content\/uploads\/2015\/12\/FeteHiver1516p5-450x335.jpg 450w, http:\/\/adpegroupeschuman.fr\/page\/wp-content\/uploads\/2015\/12\/FeteHiver1516p5-600x446.jpg 600w\" sizes=\"(max-width: 602px) 100vw, 602px\" \/><\/a><\/p>\n<p><strong><span style=\"color: #ff00ff;\">Merci\u00a0 au Staff\u00a0 ADPE qui a organis\u00e9 cette f\u00eate &#8230;.<\/span><\/strong><\/p>\n<p>Mille excuses aux personnes qui ont particip\u00e9 et qui ont d\u00fb nous quitter avant la prise de cette photo&#8230;<\/p>\n<p><a href=\"http:\/\/adpegroupeschuman.fr\/page\/wp-content\/uploads\/2015\/12\/FeteHiver1516p6.jpg\"><img loading=\"lazy\" decoding=\"async\" class=\"alignnone wp-image-1388\" src=\"http:\/\/adpegroupeschuman.fr\/page\/wp-content\/uploads\/2015\/12\/FeteHiver1516p6.jpg\" alt=\"FeteHiver1516p6\" width=\"584\" height=\"384\" srcset=\"http:\/\/adpegroupeschuman.fr\/page\/wp-content\/uploads\/2015\/12\/FeteHiver1516p6.jpg 882w, http:\/\/adpegroupeschuman.fr\/page\/wp-content\/uploads\/2015\/12\/FeteHiver1516p6-300x197.jpg 300w, http:\/\/adpegroupeschuman.fr\/page\/wp-content\/uploads\/2015\/12\/FeteHiver1516p6-100x66.jpg 100w, http:\/\/adpegroupeschuman.fr\/page\/wp-content\/uploads\/2015\/12\/FeteHiver1516p6-150x99.jpg 150w, http:\/\/adpegroupeschuman.fr\/page\/wp-content\/uploads\/2015\/12\/FeteHiver1516p6-200x132.jpg 200w, http:\/\/adpegroupeschuman.fr\/page\/wp-content\/uploads\/2015\/12\/FeteHiver1516p6-450x296.jpg 450w, http:\/\/adpegroupeschuman.fr\/page\/wp-content\/uploads\/2015\/12\/FeteHiver1516p6-600x395.jpg 600w\" sizes=\"(max-width: 584px) 100vw, 584px\" \/><\/a><\/p>\n<p>&nbsp;<\/p>\n<p>N\u2019h\u00e9sitez pas \u00e0 ajouter des commentaires&#8230; C&rsquo;est fait pour \u00e7a !!!<\/p>\n<p>&nbsp;<\/p>\n","protected":false},"excerpt":{"rendered":"<p>Le Vendredi 4 d\u00e9cembre dernier, l\u2019ADPE Schuman a renouvel\u00e9\u00a0 sa f\u00eate de l&rsquo;hiver !!! G\u00e2teaux, friandises et boissons chaudes ou froides \u00e9taient au rendez vous. Stand Maquillages: Les enfants ont pu \u00eatre pris en photo avec Olaf, qui nous a &hellip;<\/p>\n<p class=\"read-more\"> <a class=\"more-link\" href=\"http:\/\/adpegroupeschuman.fr\/page\/2015\/12\/fete-de-lhiver-2015\/\"> <span class=\"screen-reader-text\">F\u00eate de l&rsquo;hiver 2015<\/span> Read More &raquo;<\/a><\/p>\n","protected":false},"author":2,"featured_media":0,"comment_status":"open","ping_status":"open","sticky":false,"template":"","format":"standard","meta":{"footnotes":""},"categories":[48,3],"tags":[],"_links":{"self":[{"href":"http:\/\/adpegroupeschuman.fr\/page\/wp-json\/wp\/v2\/posts\/1379"}],"collection":[{"href":"http:\/\/adpegroupeschuman.fr\/page\/wp-json\/wp\/v2\/posts"}],"about":[{"href":"http:\/\/adpegroupeschuman.fr\/page\/wp-json\/wp\/v2\/types\/post"}],"author":[{"embeddable":true,"href":"http:\/\/adpegroupeschuman.fr\/page\/wp-json\/wp\/v2\/users\/2"}],"replies":[{"embeddable":true,"href":"http:\/\/adpegroupeschuman.fr\/page\/wp-json\/wp\/v2\/comments?post=1379"}],"version-history":[{"count":5,"href":"http:\/\/adpegroupeschuman.fr\/page\/wp-json\/wp\/v2\/posts\/1379\/revisions"}],"predecessor-version":[{"id":1393,"href":"http:\/\/adpegroupeschuman.fr\/page\/wp-json\/wp\/v2\/posts\/1379\/revisions\/1393"}],"wp:attachment":[{"href":"http:\/\/adpegroupeschuman.fr\/page\/wp-json\/wp\/v2\/media?parent=1379"}],"wp:term":[{"taxonomy":"category","embeddable":true,"href":"http:\/\/adpegroupeschuman.fr\/page\/wp-json\/wp\/v2\/categories?post=1379"},{"taxonomy":"post_tag","embeddable":true,"href":"http:\/\/adpegroupeschuman.fr\/page\/wp-json\/wp\/v2\/tags?post=1379"}],"curies":[{"name":"wp","href":"https:\/\/api.w.org\/{rel}","templated":true}]}}