{"id":1271,"date":"2015-09-18T09:49:32","date_gmt":"2015-09-18T09:49:32","guid":{"rendered":"http:\/\/adpegroupeschuman.fr\/page\/?p=1271"},"modified":"2015-09-27T18:07:48","modified_gmt":"2015-09-27T18:07:48","slug":"video-rallye-inter-ecoles-2015","status":"publish","type":"post","link":"http:\/\/adpegroupeschuman.fr\/page\/2015\/09\/video-rallye-inter-ecoles-2015\/","title":{"rendered":"Vid\u00e9o Rallye inter-Ecoles 2015"},"content":{"rendered":"<p><img loading=\"lazy\" decoding=\"async\" class=\"wp-image-1278 aligncenter\" src=\"http:\/\/adpegroupeschuman.fr\/page\/wp-content\/uploads\/2014\/06\/film1.jpg\" alt=\"film\" width=\"138\" height=\"114\" srcset=\"http:\/\/adpegroupeschuman.fr\/page\/wp-content\/uploads\/2014\/06\/film1.jpg 2800w, http:\/\/adpegroupeschuman.fr\/page\/wp-content\/uploads\/2014\/06\/film1-300x247.jpg 300w, http:\/\/adpegroupeschuman.fr\/page\/wp-content\/uploads\/2014\/06\/film1-1024x842.jpg 1024w, http:\/\/adpegroupeschuman.fr\/page\/wp-content\/uploads\/2014\/06\/film1-100x82.jpg 100w, http:\/\/adpegroupeschuman.fr\/page\/wp-content\/uploads\/2014\/06\/film1-150x123.jpg 150w, http:\/\/adpegroupeschuman.fr\/page\/wp-content\/uploads\/2014\/06\/film1-200x165.jpg 200w, http:\/\/adpegroupeschuman.fr\/page\/wp-content\/uploads\/2014\/06\/film1-450x370.jpg 450w, http:\/\/adpegroupeschuman.fr\/page\/wp-content\/uploads\/2014\/06\/film1-600x494.jpg 600w, http:\/\/adpegroupeschuman.fr\/page\/wp-content\/uploads\/2014\/06\/film1-900x740.jpg 900w\" sizes=\"(max-width: 138px) 100vw, 138px\" \/><\/p>\n<p>&nbsp;<\/p>\n<p><iframe loading=\"lazy\" title=\"Rallye inter-ecoles 2015\" width=\"605\" height=\"340\" src=\"https:\/\/www.youtube.com\/embed\/P4u4bIkyRHQ?feature=oembed\" frameborder=\"0\" allow=\"accelerometer; autoplay; clipboard-write; encrypted-media; gyroscope; picture-in-picture; web-share\" referrerpolicy=\"strict-origin-when-cross-origin\" allowfullscreen><\/iframe><\/p>\n<p>Un grand merci \u00e0 notre r\u00e9alisateur David B.<\/p>\n<p>&nbsp;<\/p>\n<p>Un petit clin d\u2019\u0153il \u00a0aux\u00a0\u00e9l\u00e8ves du coll\u00e8ge Jean-Moulin qui pr\u00e9sentent \u00a0le Rallye \u00e0 leur \u00a0journaliste.<\/p>\n<p><iframe loading=\"lazy\" title=\"Interview - Le Rallye Inter-Ecoles 2015\" width=\"605\" height=\"340\" src=\"https:\/\/www.youtube.com\/embed\/nZSsFYyCmow?feature=oembed\" frameborder=\"0\" allow=\"accelerometer; autoplay; clipboard-write; encrypted-media; gyroscope; picture-in-picture; web-share\" referrerpolicy=\"strict-origin-when-cross-origin\" allowfullscreen><\/iframe><\/p>\n<p>Promis pour la prochaine \u00e9dition, \u00a0nous ferons attention \u00e0 vos remarques \ud83d\ude09<\/p>\n<p>Retrouver \u00e9galement les photos de cette journ\u00e9e.<\/p>\n<p>&lt;\u00a0<a href=\"http:\/\/adpegroupeschuman.fr\/page\/2015\/06\/rallye-inter-ecoles-2015-suite\/\">rallye inter-ecoles 20015 suite<\/a><\/p>\n<p>&nbsp;<\/p>\n","protected":false},"excerpt":{"rendered":"<p>&nbsp; Un grand merci \u00e0 notre r\u00e9alisateur David B. &nbsp; Un petit clin d\u2019\u0153il \u00a0aux\u00a0\u00e9l\u00e8ves du coll\u00e8ge Jean-Moulin qui pr\u00e9sentent \u00a0le Rallye \u00e0 leur \u00a0journaliste. Promis pour la prochaine \u00e9dition, \u00a0nous ferons attention \u00e0 vos remarques \ud83d\ude09 Retrouver \u00e9galement les &hellip;<\/p>\n<p class=\"read-more\"> <a class=\"more-link\" href=\"http:\/\/adpegroupeschuman.fr\/page\/2015\/09\/video-rallye-inter-ecoles-2015\/\"> <span class=\"screen-reader-text\">Vid\u00e9o Rallye inter-Ecoles 2015<\/span> Read More &raquo;<\/a><\/p>\n","protected":false},"author":1,"featured_media":0,"comment_status":"open","ping_status":"open","sticky":false,"template":"","format":"standard","meta":{"footnotes":""},"categories":[29,45],"tags":[],"_links":{"self":[{"href":"http:\/\/adpegroupeschuman.fr\/page\/wp-json\/wp\/v2\/posts\/1271"}],"collection":[{"href":"http:\/\/adpegroupeschuman.fr\/page\/wp-json\/wp\/v2\/posts"}],"about":[{"href":"http:\/\/adpegroupeschuman.fr\/page\/wp-json\/wp\/v2\/types\/post"}],"author":[{"embeddable":true,"href":"http:\/\/adpegroupeschuman.fr\/page\/wp-json\/wp\/v2\/users\/1"}],"replies":[{"embeddable":true,"href":"http:\/\/adpegroupeschuman.fr\/page\/wp-json\/wp\/v2\/comments?post=1271"}],"version-history":[{"count":7,"href":"http:\/\/adpegroupeschuman.fr\/page\/wp-json\/wp\/v2\/posts\/1271\/revisions"}],"predecessor-version":[{"id":1320,"href":"http:\/\/adpegroupeschuman.fr\/page\/wp-json\/wp\/v2\/posts\/1271\/revisions\/1320"}],"wp:attachment":[{"href":"http:\/\/adpegroupeschuman.fr\/page\/wp-json\/wp\/v2\/media?parent=1271"}],"wp:term":[{"taxonomy":"category","embeddable":true,"href":"http:\/\/adpegroupeschuman.fr\/page\/wp-json\/wp\/v2\/categories?post=1271"},{"taxonomy":"post_tag","embeddable":true,"href":"http:\/\/adpegroupeschuman.fr\/page\/wp-json\/wp\/v2\/tags?post=1271"}],"curies":[{"name":"wp","href":"https:\/\/api.w.org\/{rel}","templated":true}]}}